{"id":105648,"date":"2024-02-08T18:56:18","date_gmt":"2024-02-08T17:56:18","guid":{"rendered":"https:\/\/www.cgfmanet.org\/infoesfera\/eusebia-palomino-trasparenza-dellamore-di-dio\/"},"modified":"2024-02-08T22:03:18","modified_gmt":"2024-02-08T21:03:18","slug":"eusebia-palomino-transparencia-del-amor-de-dios","status":"publish","type":"post","link":"https:\/\/www.cgfmanet.org\/es\/ifma-es\/eusebia-palomino-transparencia-del-amor-de-dios\/","title":{"rendered":"Eusebia Palomino, transparencia del amor de Dios"},"content":{"rendered":"<p><strong>Roma (Italia). <\/strong>El 9 de febrero de 2024 se celebra la memoria lit\u00fargica de la <span style=\"color: #0000ff;\"><strong><a style=\"color: #0000ff;\" href=\"https:\/\/drive.google.com\/drive\/folders\/140Yo-iygz-1ihUmA6EpkxzJg9dbDJvc0\" target=\"_blank\" rel=\"noopener\">Beata Eusebia Palomino Yenes<\/a><\/strong><\/span>, Hija de Mar\u00eda Auxiliadora que vivi\u00f3 en Espa\u00f1a (1899-1935), beatificada en Roma por Juan Pablo II, hace veinte a\u00f1os, el 25 de abril de 2004.<\/p>\n<p>Sor Teresa de Jes\u00fas Rubio Garc\u00eda el <strong><span style=\"color: #0000ff;\"><a style=\"color: #0000ff;\" href=\"https:\/\/www.cgfmanet.org\/es\/ifma-es\/4o-jueves-salesiano-auxilium-2023-2024\/\" target=\"_blank\" rel=\"noopener\">1\u00b0 febbraio 2024<\/a><\/span><\/strong>, en la \u00faltima cita de los \u00abJueves Salesianos en el Auxilium\u00bb repas\u00f3 su biograf\u00eda y los rasgos peculiares de su santidad. <strong>Sor Eusebia ten\u00eda una fe inquebrantable en la presencia de Mar\u00eda y por eso no le faltaron signos tangibles de su gu\u00eda y maternidad. <\/strong>De ella, como de otros grandes santos, se puede decir: \u00abVio lo que cre\u00eda\u00bb.<\/p>\n<p>Si le falt\u00f3 educaci\u00f3n por las limitadas posibilidades de su familia, no le falt\u00f3 el conocimiento y la sabidur\u00eda de quien sabe mirar la vida y la historia desde la perspectiva de Dios. Eusebia se adapt\u00f3 a cada situaci\u00f3n, sin olvidar nunca el objetivo y el estilo que hab\u00eda decidido darle a su existencia. De hecho, Sor Teresa de Jes\u00fas Rubio Garc\u00eda cit\u00f3 la carta 76, a Teresa Vizca\u00edno, quien le pidi\u00f3 consejo para ingresar en la Orden de la Visitaci\u00f3n, a lo que ella dice:<\/p>\n<p><em>\u00abLa verdadera santidad no consiste en arrinconarse a orar, ni disciplinarse, ni hacer ruido. No. La verdadera santidad consiste en renunciar a nosotros mismos, seguir en todo la vida com\u00fan y el cumplimiento exacto de todos los deberes que nos impone la obediencia. &#8230; Es all\u00ed donde debemos buscar la santidad, y debemos marchar con la recta intenci\u00f3n de agradar s\u00f3lo a Dios y de atraer hacia \u00c9l los corazones con nuestra abnegaci\u00f3n, para que se conviertan y le amen\u00bb.<\/em><\/p>\n<p><strong>Sor Eusebia fue muy querida y buscada por su dedicaci\u00f3n incondicional, pero sobre todo porque supo hacer brillar el amor de Dios en sus rasgos y comportamiento. <\/strong>En su compromiso con los dem\u00e1s se pod\u00eda ver el mismo amor por las \u00bb almas\u00bb que mov\u00eda a Don Bosco y que la un\u00eda a muchas Hijas de Mar\u00eda Auxiliadora m\u00e1s o menos conocidas.<\/p>\n<p>Singular, record\u00f3 sor Teresa en la emisi\u00f3n del 1 de febrero, fue la pasi\u00f3n que puso en difundir la \u00abesclavitud mariana\u00bb proporcionando al Centro Monfort de Roma una lista de quinientos noventa y tres nombres: todas estas personas fueron reclutadas para la Santa Esclavitud por el celo de una religiosa Hija de Mar\u00eda Auxiliadora, de Valverde del Camino (Huelva).<\/p>\n<p><strong>Su amor a Mar\u00eda y su caridad hacia el pr\u00f3jimo la hicieron capaz de ofrecerse como v\u00edctima cuando se agudizaron los conflictos que llevaron a su querida Espa\u00f1a a la guerra civil. <\/strong>Su fe le permiti\u00f3 obtener una protecci\u00f3n singular de la poblaci\u00f3n de Valverde tras su muerte.<\/p>\n<p>Sor Teresa contin\u00faa citando la \u201cPositio\u201d:<\/p>\n<p><em>\u00abSor Eusebia pidi\u00f3 a varios alumnos que enterraran las medallas en los cuatro puntos cardinales de las afueras de Valverde. Dividieron las medallas en cuatro partes iguales y, como sobr\u00f3 una, sor Eusebia indic\u00f3 que fuera enterrada a la entrada de la carretera que une Nerva y Riotinto con Valverde, porque all\u00ed se reforzar\u00eda la protecci\u00f3n. Cuando estall\u00f3 la guerra (sor Eusebia ya estaba muerta), se supo que toda una tropa de camiones mineros intent\u00f3 penetrar en Valverde para arrasarlo y en el mismo punto antes mencionado de la Casa de la Direcci\u00f3n regresaron a Riotinto con el pretexto de la resistencia de artiller\u00eda, caballer\u00eda, tanques y los veh\u00edculos blindados en ese punto. No hubo nada de esto. Ese punto fue defendido por una cincuentena de falangistas y guardias civiles <\/em>( Cf. Positio II, 248)\u00bb.<\/p>\n<p>Veinte a\u00f1os despu\u00e9s de su Beatificaci\u00f3n, el perfil de esta Hija de Mar\u00eda Auxiliadora parece muy actual por su fortaleza y su capacidad de superar los l\u00edmites de la educaci\u00f3n, la pobreza y la enfermedad para contribuir a la expansi\u00f3n de la civilizaci\u00f3n del Amor.<\/p>\n<p>En este significativo aniversario, la Provincia espa\u00f1ola de <em>Mar\u00eda Auxiliadora <\/em>acoger\u00e1 <strong>la visita de la Superiora general de las Hijas de Mar\u00eda Auxiliadora, Madre Chiara Cazzuola, y de la Vicaria general,<\/strong> <strong>Sor Mar\u00eda del Rosario Garc\u00eda Ribas<\/strong>, que del 5 al 20 de febrero de 2024 visitaran tambi\u00e9n los lugares donde vivi\u00f3 la Beata Sor Eusebia: una oportunidad para conocerla mejor y pedir su intercesi\u00f3n por la paz y por las necesidades de la humanidad que sufre.<\/p>\n","protected":false},"excerpt":{"rendered":"<p>Roma (Italia). El 9 de febrero de 2024 se celebra la memoria lit\u00fargica de la Beata Eusebia Palomino Yenes, Hija de Mar\u00eda Auxiliadora que vivi\u00f3 en Espa\u00f1a (1899-1935), beatificada en [&hellip;]<\/p>\n","protected":false},"author":21,"featured_media":105643,"comment_status":"open","ping_status":"closed","sticky":false,"template":"","format":"standard","meta":{"footnotes":""},"categories":[167,158],"tags":[1451,1925,1931],"class_list":["post-105648","post","type-post","status-publish","format-standard","has-post-thumbnail","category-carisma-salesiano-es","category-ifma-es","tag-santidad-salesiana","tag-spa-es","tag-focus-es"],"yoast_head":"<!-- This site is optimized with the Yoast SEO plugin v27.4 - https:\/\/yoast.com\/product\/yoast-seo-wordpress\/ -->\n<title>Eusebia Palomino, transparencia del amor de Dios &#8226; Istituto Figlie di Maria Ausiliatrice<\/title>\n<meta name=\"description\" content=\"La memoria de la Beata Eusebia Palomino Yenes, se celebra el 9 de febrero de 2024 en el XX aniversario de su Beatificaci\u00f3n.\" \/>\n<meta name=\"robots\" content=\"index, follow, max-snippet:-1, max-image-preview:large, max-video-preview:-1\" \/>\n<link rel=\"canonical\" href=\"https:\/\/www.cgfmanet.org\/es\/ifma-es\/eusebia-palomino-transparencia-del-amor-de-dios\/\" \/>\n<meta property=\"og:locale\" content=\"es_ES\" \/>\n<meta property=\"og:type\" content=\"article\" \/>\n<meta property=\"og:title\" content=\"Eusebia Palomino, transparencia del amor de Dios &#8226; Istituto Figlie di Maria Ausiliatrice\" \/>\n<meta property=\"og:description\" content=\"La memoria de la Beata Eusebia Palomino Yenes, se celebra el 9 de febrero de 2024 en el XX aniversario de su Beatificaci\u00f3n.\" \/>\n<meta property=\"og:url\" content=\"https:\/\/www.cgfmanet.org\/es\/ifma-es\/eusebia-palomino-transparencia-del-amor-de-dios\/\" \/>\n<meta property=\"og:site_name\" content=\"Istituto Figlie di Maria Ausiliatrice\" \/>\n<meta property=\"article:publisher\" content=\"https:\/\/www.facebook.com\/salesian.sisters.of.don.bosco\/\" \/>\n<meta property=\"article:published_time\" content=\"2024-02-08T17:56:18+00:00\" \/>\n<meta property=\"article:modified_time\" content=\"2024-02-08T21:03:18+00:00\" \/>\n<meta property=\"og:image\" content=\"https:\/\/www.cgfmanet.org\/wp-content\/uploads\/2024\/02\/Eusebia-Palomino-2024.jpg\" \/>\n\t<meta property=\"og:image:width\" content=\"1200\" \/>\n\t<meta property=\"og:image:height\" content=\"800\" \/>\n\t<meta property=\"og:image:type\" content=\"image\/jpeg\" \/>\n<meta name=\"author\" content=\"Redazione\" \/>\n<meta name=\"twitter:card\" content=\"summary_large_image\" \/>\n<meta name=\"twitter:creator\" content=\"@Cgfmanet_Org\" \/>\n<meta name=\"twitter:site\" content=\"@Cgfmanet_Org\" \/>\n<meta name=\"twitter:label1\" content=\"Escrito por\" \/>\n\t<meta name=\"twitter:data1\" content=\"Redazione\" \/>\n\t<meta name=\"twitter:label2\" content=\"Tiempo de lectura\" \/>\n\t<meta name=\"twitter:data2\" content=\"4 minutos\" \/>\n<script type=\"application\/ld+json\" class=\"yoast-schema-graph\">{\"@context\":\"https:\\\/\\\/schema.org\",\"@graph\":[{\"@type\":\"Article\",\"@id\":\"https:\\\/\\\/www.cgfmanet.org\\\/es\\\/ifma-es\\\/eusebia-palomino-transparencia-del-amor-de-dios\\\/#article\",\"isPartOf\":{\"@id\":\"https:\\\/\\\/www.cgfmanet.org\\\/es\\\/ifma-es\\\/eusebia-palomino-transparencia-del-amor-de-dios\\\/\"},\"author\":{\"name\":\"Redazione\",\"@id\":\"https:\\\/\\\/www.cgfmanet.org\\\/es\\\/#\\\/schema\\\/person\\\/ce6473083f53ef0ef882cca23f0c8fb9\"},\"headline\":\"Eusebia Palomino, transparencia del amor de Dios\",\"datePublished\":\"2024-02-08T17:56:18+00:00\",\"dateModified\":\"2024-02-08T21:03:18+00:00\",\"mainEntityOfPage\":{\"@id\":\"https:\\\/\\\/www.cgfmanet.org\\\/es\\\/ifma-es\\\/eusebia-palomino-transparencia-del-amor-de-dios\\\/\"},\"wordCount\":764,\"commentCount\":0,\"publisher\":{\"@id\":\"https:\\\/\\\/www.cgfmanet.org\\\/es\\\/#organization\"},\"image\":{\"@id\":\"https:\\\/\\\/www.cgfmanet.org\\\/es\\\/ifma-es\\\/eusebia-palomino-transparencia-del-amor-de-dios\\\/#primaryimage\"},\"thumbnailUrl\":\"https:\\\/\\\/www.cgfmanet.org\\\/wp-content\\\/uploads\\\/2024\\\/02\\\/Eusebia-Palomino-2024.jpg\",\"keywords\":[\"Santidad Salesiana\",\"SPA\",\"Focus\"],\"articleSection\":[\"Carisma Salesiano\",\"IFMA\"],\"inLanguage\":\"es\",\"potentialAction\":[{\"@type\":\"CommentAction\",\"name\":\"Comment\",\"target\":[\"https:\\\/\\\/www.cgfmanet.org\\\/es\\\/ifma-es\\\/eusebia-palomino-transparencia-del-amor-de-dios\\\/#respond\"]}]},{\"@type\":\"WebPage\",\"@id\":\"https:\\\/\\\/www.cgfmanet.org\\\/es\\\/ifma-es\\\/eusebia-palomino-transparencia-del-amor-de-dios\\\/\",\"url\":\"https:\\\/\\\/www.cgfmanet.org\\\/es\\\/ifma-es\\\/eusebia-palomino-transparencia-del-amor-de-dios\\\/\",\"name\":\"Eusebia Palomino, transparencia del amor de Dios &#8226; Istituto Figlie di Maria Ausiliatrice\",\"isPartOf\":{\"@id\":\"https:\\\/\\\/www.cgfmanet.org\\\/es\\\/#website\"},\"primaryImageOfPage\":{\"@id\":\"https:\\\/\\\/www.cgfmanet.org\\\/es\\\/ifma-es\\\/eusebia-palomino-transparencia-del-amor-de-dios\\\/#primaryimage\"},\"image\":{\"@id\":\"https:\\\/\\\/www.cgfmanet.org\\\/es\\\/ifma-es\\\/eusebia-palomino-transparencia-del-amor-de-dios\\\/#primaryimage\"},\"thumbnailUrl\":\"https:\\\/\\\/www.cgfmanet.org\\\/wp-content\\\/uploads\\\/2024\\\/02\\\/Eusebia-Palomino-2024.jpg\",\"datePublished\":\"2024-02-08T17:56:18+00:00\",\"dateModified\":\"2024-02-08T21:03:18+00:00\",\"description\":\"La memoria de la Beata Eusebia Palomino Yenes, se celebra el 9 de febrero de 2024 en el XX aniversario de su Beatificaci\u00f3n.\",\"breadcrumb\":{\"@id\":\"https:\\\/\\\/www.cgfmanet.org\\\/es\\\/ifma-es\\\/eusebia-palomino-transparencia-del-amor-de-dios\\\/#breadcrumb\"},\"inLanguage\":\"es\",\"potentialAction\":[{\"@type\":\"ReadAction\",\"target\":[\"https:\\\/\\\/www.cgfmanet.org\\\/es\\\/ifma-es\\\/eusebia-palomino-transparencia-del-amor-de-dios\\\/\"]}]},{\"@type\":\"ImageObject\",\"inLanguage\":\"es\",\"@id\":\"https:\\\/\\\/www.cgfmanet.org\\\/es\\\/ifma-es\\\/eusebia-palomino-transparencia-del-amor-de-dios\\\/#primaryimage\",\"url\":\"https:\\\/\\\/www.cgfmanet.org\\\/wp-content\\\/uploads\\\/2024\\\/02\\\/Eusebia-Palomino-2024.jpg\",\"contentUrl\":\"https:\\\/\\\/www.cgfmanet.org\\\/wp-content\\\/uploads\\\/2024\\\/02\\\/Eusebia-Palomino-2024.jpg\",\"width\":1200,\"height\":800},{\"@type\":\"BreadcrumbList\",\"@id\":\"https:\\\/\\\/www.cgfmanet.org\\\/es\\\/ifma-es\\\/eusebia-palomino-transparencia-del-amor-de-dios\\\/#breadcrumb\",\"itemListElement\":[{\"@type\":\"ListItem\",\"position\":1,\"name\":\"Home\",\"item\":\"https:\\\/\\\/www.cgfmanet.org\\\/es\\\/\"},{\"@type\":\"ListItem\",\"position\":2,\"name\":\"Eusebia Palomino, transparencia del amor de Dios\"}]},{\"@type\":\"WebSite\",\"@id\":\"https:\\\/\\\/www.cgfmanet.org\\\/es\\\/#website\",\"url\":\"https:\\\/\\\/www.cgfmanet.org\\\/es\\\/\",\"name\":\"Istituto Figlie di Maria Ausiliatrice\",\"description\":\"Salesiane di Don Bosco\",\"publisher\":{\"@id\":\"https:\\\/\\\/www.cgfmanet.org\\\/es\\\/#organization\"},\"potentialAction\":[{\"@type\":\"SearchAction\",\"target\":{\"@type\":\"EntryPoint\",\"urlTemplate\":\"https:\\\/\\\/www.cgfmanet.org\\\/es\\\/?s={search_term_string}\"},\"query-input\":{\"@type\":\"PropertyValueSpecification\",\"valueRequired\":true,\"valueName\":\"search_term_string\"}}],\"inLanguage\":\"es\"},{\"@type\":\"Organization\",\"@id\":\"https:\\\/\\\/www.cgfmanet.org\\\/es\\\/#organization\",\"name\":\"Istituto Figlie di Maria Ausiliatrice\",\"url\":\"https:\\\/\\\/www.cgfmanet.org\\\/es\\\/\",\"logo\":{\"@type\":\"ImageObject\",\"inLanguage\":\"es\",\"@id\":\"https:\\\/\\\/www.cgfmanet.org\\\/es\\\/#\\\/schema\\\/logo\\\/image\\\/\",\"url\":\"https:\\\/\\\/www.cgfmanet.org\\\/wp-content\\\/uploads\\\/2018\\\/10\\\/logo-fma.png\",\"contentUrl\":\"https:\\\/\\\/www.cgfmanet.org\\\/wp-content\\\/uploads\\\/2018\\\/10\\\/logo-fma.png\",\"width\":214,\"height\":55,\"caption\":\"Istituto Figlie di Maria Ausiliatrice\"},\"image\":{\"@id\":\"https:\\\/\\\/www.cgfmanet.org\\\/es\\\/#\\\/schema\\\/logo\\\/image\\\/\"},\"sameAs\":[\"https:\\\/\\\/www.facebook.com\\\/salesian.sisters.of.don.bosco\\\/\",\"https:\\\/\\\/x.com\\\/Cgfmanet_Org\",\"https:\\\/\\\/www.youtube.com\\\/channel\\\/UCmcr8yFQBV7JXeXVxyV9y5Q\"]},{\"@type\":\"Person\",\"@id\":\"https:\\\/\\\/www.cgfmanet.org\\\/es\\\/#\\\/schema\\\/person\\\/ce6473083f53ef0ef882cca23f0c8fb9\",\"name\":\"Redazione\"}]}<\/script>\n<!-- \/ Yoast SEO plugin. -->","yoast_head_json":{"title":"Eusebia Palomino, transparencia del amor de Dios &#8226; Istituto Figlie di Maria Ausiliatrice","description":"La memoria de la Beata Eusebia Palomino Yenes, se celebra el 9 de febrero de 2024 en el XX aniversario de su Beatificaci\u00f3n.","robots":{"index":"index","follow":"follow","max-snippet":"max-snippet:-1","max-image-preview":"max-image-preview:large","max-video-preview":"max-video-preview:-1"},"canonical":"https:\/\/www.cgfmanet.org\/es\/ifma-es\/eusebia-palomino-transparencia-del-amor-de-dios\/","og_locale":"es_ES","og_type":"article","og_title":"Eusebia Palomino, transparencia del amor de Dios &#8226; Istituto Figlie di Maria Ausiliatrice","og_description":"La memoria de la Beata Eusebia Palomino Yenes, se celebra el 9 de febrero de 2024 en el XX aniversario de su Beatificaci\u00f3n.","og_url":"https:\/\/www.cgfmanet.org\/es\/ifma-es\/eusebia-palomino-transparencia-del-amor-de-dios\/","og_site_name":"Istituto Figlie di Maria Ausiliatrice","article_publisher":"https:\/\/www.facebook.com\/salesian.sisters.of.don.bosco\/","article_published_time":"2024-02-08T17:56:18+00:00","article_modified_time":"2024-02-08T21:03:18+00:00","og_image":[{"width":1200,"height":800,"url":"https:\/\/www.cgfmanet.org\/wp-content\/uploads\/2024\/02\/Eusebia-Palomino-2024.jpg","type":"image\/jpeg"}],"author":"Redazione","twitter_card":"summary_large_image","twitter_creator":"@Cgfmanet_Org","twitter_site":"@Cgfmanet_Org","twitter_misc":{"Escrito por":"Redazione","Tiempo de lectura":"4 minutos"},"schema":{"@context":"https:\/\/schema.org","@graph":[{"@type":"Article","@id":"https:\/\/www.cgfmanet.org\/es\/ifma-es\/eusebia-palomino-transparencia-del-amor-de-dios\/#article","isPartOf":{"@id":"https:\/\/www.cgfmanet.org\/es\/ifma-es\/eusebia-palomino-transparencia-del-amor-de-dios\/"},"author":{"name":"Redazione","@id":"https:\/\/www.cgfmanet.org\/es\/#\/schema\/person\/ce6473083f53ef0ef882cca23f0c8fb9"},"headline":"Eusebia Palomino, transparencia del amor de Dios","datePublished":"2024-02-08T17:56:18+00:00","dateModified":"2024-02-08T21:03:18+00:00","mainEntityOfPage":{"@id":"https:\/\/www.cgfmanet.org\/es\/ifma-es\/eusebia-palomino-transparencia-del-amor-de-dios\/"},"wordCount":764,"commentCount":0,"publisher":{"@id":"https:\/\/www.cgfmanet.org\/es\/#organization"},"image":{"@id":"https:\/\/www.cgfmanet.org\/es\/ifma-es\/eusebia-palomino-transparencia-del-amor-de-dios\/#primaryimage"},"thumbnailUrl":"https:\/\/www.cgfmanet.org\/wp-content\/uploads\/2024\/02\/Eusebia-Palomino-2024.jpg","keywords":["Santidad Salesiana","SPA","Focus"],"articleSection":["Carisma Salesiano","IFMA"],"inLanguage":"es","potentialAction":[{"@type":"CommentAction","name":"Comment","target":["https:\/\/www.cgfmanet.org\/es\/ifma-es\/eusebia-palomino-transparencia-del-amor-de-dios\/#respond"]}]},{"@type":"WebPage","@id":"https:\/\/www.cgfmanet.org\/es\/ifma-es\/eusebia-palomino-transparencia-del-amor-de-dios\/","url":"https:\/\/www.cgfmanet.org\/es\/ifma-es\/eusebia-palomino-transparencia-del-amor-de-dios\/","name":"Eusebia Palomino, transparencia del amor de Dios &#8226; Istituto Figlie di Maria Ausiliatrice","isPartOf":{"@id":"https:\/\/www.cgfmanet.org\/es\/#website"},"primaryImageOfPage":{"@id":"https:\/\/www.cgfmanet.org\/es\/ifma-es\/eusebia-palomino-transparencia-del-amor-de-dios\/#primaryimage"},"image":{"@id":"https:\/\/www.cgfmanet.org\/es\/ifma-es\/eusebia-palomino-transparencia-del-amor-de-dios\/#primaryimage"},"thumbnailUrl":"https:\/\/www.cgfmanet.org\/wp-content\/uploads\/2024\/02\/Eusebia-Palomino-2024.jpg","datePublished":"2024-02-08T17:56:18+00:00","dateModified":"2024-02-08T21:03:18+00:00","description":"La memoria de la Beata Eusebia Palomino Yenes, se celebra el 9 de febrero de 2024 en el XX aniversario de su Beatificaci\u00f3n.","breadcrumb":{"@id":"https:\/\/www.cgfmanet.org\/es\/ifma-es\/eusebia-palomino-transparencia-del-amor-de-dios\/#breadcrumb"},"inLanguage":"es","potentialAction":[{"@type":"ReadAction","target":["https:\/\/www.cgfmanet.org\/es\/ifma-es\/eusebia-palomino-transparencia-del-amor-de-dios\/"]}]},{"@type":"ImageObject","inLanguage":"es","@id":"https:\/\/www.cgfmanet.org\/es\/ifma-es\/eusebia-palomino-transparencia-del-amor-de-dios\/#primaryimage","url":"https:\/\/www.cgfmanet.org\/wp-content\/uploads\/2024\/02\/Eusebia-Palomino-2024.jpg","contentUrl":"https:\/\/www.cgfmanet.org\/wp-content\/uploads\/2024\/02\/Eusebia-Palomino-2024.jpg","width":1200,"height":800},{"@type":"BreadcrumbList","@id":"https:\/\/www.cgfmanet.org\/es\/ifma-es\/eusebia-palomino-transparencia-del-amor-de-dios\/#breadcrumb","itemListElement":[{"@type":"ListItem","position":1,"name":"Home","item":"https:\/\/www.cgfmanet.org\/es\/"},{"@type":"ListItem","position":2,"name":"Eusebia Palomino, transparencia del amor de Dios"}]},{"@type":"WebSite","@id":"https:\/\/www.cgfmanet.org\/es\/#website","url":"https:\/\/www.cgfmanet.org\/es\/","name":"Istituto Figlie di Maria Ausiliatrice","description":"Salesiane di Don Bosco","publisher":{"@id":"https:\/\/www.cgfmanet.org\/es\/#organization"},"potentialAction":[{"@type":"SearchAction","target":{"@type":"EntryPoint","urlTemplate":"https:\/\/www.cgfmanet.org\/es\/?s={search_term_string}"},"query-input":{"@type":"PropertyValueSpecification","valueRequired":true,"valueName":"search_term_string"}}],"inLanguage":"es"},{"@type":"Organization","@id":"https:\/\/www.cgfmanet.org\/es\/#organization","name":"Istituto Figlie di Maria Ausiliatrice","url":"https:\/\/www.cgfmanet.org\/es\/","logo":{"@type":"ImageObject","inLanguage":"es","@id":"https:\/\/www.cgfmanet.org\/es\/#\/schema\/logo\/image\/","url":"https:\/\/www.cgfmanet.org\/wp-content\/uploads\/2018\/10\/logo-fma.png","contentUrl":"https:\/\/www.cgfmanet.org\/wp-content\/uploads\/2018\/10\/logo-fma.png","width":214,"height":55,"caption":"Istituto Figlie di Maria Ausiliatrice"},"image":{"@id":"https:\/\/www.cgfmanet.org\/es\/#\/schema\/logo\/image\/"},"sameAs":["https:\/\/www.facebook.com\/salesian.sisters.of.don.bosco\/","https:\/\/x.com\/Cgfmanet_Org","https:\/\/www.youtube.com\/channel\/UCmcr8yFQBV7JXeXVxyV9y5Q"]},{"@type":"Person","@id":"https:\/\/www.cgfmanet.org\/es\/#\/schema\/person\/ce6473083f53ef0ef882cca23f0c8fb9","name":"Redazione"}]}},"_links":{"self":[{"href":"https:\/\/www.cgfmanet.org\/es\/wp-json\/wp\/v2\/posts\/105648","targetHints":{"allow":["GET"]}}],"collection":[{"href":"https:\/\/www.cgfmanet.org\/es\/wp-json\/wp\/v2\/posts"}],"about":[{"href":"https:\/\/www.cgfmanet.org\/es\/wp-json\/wp\/v2\/types\/post"}],"author":[{"embeddable":true,"href":"https:\/\/www.cgfmanet.org\/es\/wp-json\/wp\/v2\/users\/21"}],"replies":[{"embeddable":true,"href":"https:\/\/www.cgfmanet.org\/es\/wp-json\/wp\/v2\/comments?post=105648"}],"version-history":[{"count":0,"href":"https:\/\/www.cgfmanet.org\/es\/wp-json\/wp\/v2\/posts\/105648\/revisions"}],"wp:featuredmedia":[{"embeddable":true,"href":"https:\/\/www.cgfmanet.org\/es\/wp-json\/wp\/v2\/media\/105643"}],"wp:attachment":[{"href":"https:\/\/www.cgfmanet.org\/es\/wp-json\/wp\/v2\/media?parent=105648"}],"wp:term":[{"taxonomy":"category","embeddable":true,"href":"https:\/\/www.cgfmanet.org\/es\/wp-json\/wp\/v2\/categories?post=105648"},{"taxonomy":"post_tag","embeddable":true,"href":"https:\/\/www.cgfmanet.org\/es\/wp-json\/wp\/v2\/tags?post=105648"}],"curies":[{"name":"wp","href":"https:\/\/api.w.org\/{rel}","templated":true}]}}