{"id":54485,"date":"2021-10-13T23:03:54","date_gmt":"2021-10-13T21:03:54","guid":{"rendered":"https:\/\/www.cgfmanet.org\/?p=54485"},"modified":"2021-10-14T15:18:58","modified_gmt":"2021-10-14T13:18:58","slug":"economer-general-of-the-fma-institute","status":"publish","type":"post","link":"https:\/\/www.cgfmanet.org\/en\/ifma-en\/economer-general-of-the-fma-institute\/","title":{"rendered":"Economer General of the FMA Institute"},"content":{"rendered":"<p><strong>Rome (Italy). <\/strong><strong>Sr.<\/strong> <strong>Ena Veral\u00eds Bola\u00f1os<\/strong>, is the Economer General of the Institute of the Daughters of Mary Help of Christians.<\/p>\n<p><strong>Sr. Ena Veral\u00eds Bola\u00f1os <\/strong>was born on 17 September 1968 in \u2018La Parada\u2019, a small town in Santa Ana, El Salvador. One of the most precious gifts of her life is the family that God gave her, in a very special way her parents and her seven siblings.\u00a0 From these three brothers and four sisters, she\u00a0 learned to live in community and to experience that when there is love, everything else is overcome. As a child, she met the sisters in her own home because three of her aunts, who are already in Heaven, were Daughters of Mary Help of Christians.<\/p>\n<p>At the 3<sup>rd<\/sup> grade of Primary School, she began her studies at\u00a0 Mary Help of Christians Institute of Santa Ana where she graduated in<strong> 1986 <\/strong>with the degree of <em>Bachelor in<\/em> <em>Commerce<\/em>. Her time at the school was very happy, living with her companions and, especially in the last years, when she discovered and admired the life of the sisters more and more. She felt strongly attracted to their always cheerful presence among the children and the girls. She felt that there was something &#8216;very great&#8217; in them that allowed them to live like this. During the civil war in El Salvador, the Sisters invited the girls to be in contact with those who suffered the most, to show solidarity with the suffering of their people, and this strongly impressed her. All these experiences\u00a0 led her to discover her vocation and to give her answer to Jesus who was calling her.<\/p>\n<p>In <strong>1987,<\/strong> she began her formation journey in San Jos\u00e9, Costa Rica. In <strong>1988<\/strong>, the Provinces multiplied and formation continued in North Central America. On <strong>6 January 1991<\/strong>, she made her First Profession in Tegucigalpa, Honduras. During the years of Temporary Vows, she studied Theology. In <strong>2002<\/strong>, she attended the formation course at <em>Sr. Vals\u00e9 Pantellini<\/em> House in Rome, and from <strong>2005 to 2008<\/strong>, she studied Business Administration in Honduras.<\/p>\n<p>During her years of religious life she was able to carry out various services to which she dedicated herself with generosity and passion: catechist, teacher of religion, school coordinator, coordinator of the Oratory, teacher of mathematics and accounting, local treasurer, and community animator. She especially appreciated the time spent in the Social Work of the Province, sharing her life with the poorest children and young people.<\/p>\n<p><strong>In the period of 2012<\/strong>\u2013<strong>2017,<\/strong> she carried out the animation service as Provincial in\u00a0 <em>Most Holy Savior<\/em> Province of North Central America. In <strong>2018<\/strong>, Mother Yvonne Reungoat\u00a0 appointed her\u00a0 Provincial of <em>Our Lady of the Angels <\/em>Province of Central South America.<\/p>\n<p>The experience she had of God&#8217;s mercy in her life brings her ever closer to the Love of Jesus and also urges her to &#8216;be mercy&#8217; for her sisters, for young people, and for those she meets on her journey. What animates her in her vocation, in her daily dedication, and in every mission that\u00a0 is entrusted to her is that &#8220;her life belongs to Jesus\u201d. She said a yes forever and gave herself totally to Him. And\u00a0 with the same confidence of Blessed Maria Romero, she entrusts herself to her King and to her Queen.<\/p>\n<p>During the <strong>XXIV General Chapter<\/strong>, the Chapter Assembly elected her as <strong>Economer General <\/strong>of the FMA Institute.<\/p>\n","protected":false},"excerpt":{"rendered":"<p>Rome (Italy). Sr. Ena Veral\u00eds Bola\u00f1os, is the Economer General of the Institute of the Daughters of Mary Help of Christians. Sr. Ena Veral\u00eds Bola\u00f1os was born on 17 September [&hellip;]<\/p>\n","protected":false},"author":19,"featured_media":54490,"comment_status":"open","ping_status":"closed","sticky":false,"template":"","format":"standard","meta":{"footnotes":""},"categories":[161,157],"tags":[253,1928,2280,2386],"class_list":["post-54485","post","type-post","status-publish","format-standard","has-post-thumbnail","category-general-chapter","category-ifma-en","tag-councilor-for-administration","tag-focus-en","tag-ifma-en","tag-economa-generale-en"],"yoast_head":"<!-- This site is optimized with the Yoast SEO plugin v27.4 - https:\/\/yoast.com\/product\/yoast-seo-wordpress\/ -->\n<title>Economer General of the FMA Institute &#8226; Istituto Figlie di Maria Ausiliatrice<\/title>\n<meta name=\"robots\" content=\"index, follow, max-snippet:-1, max-image-preview:large, max-video-preview:-1\" \/>\n<link rel=\"canonical\" href=\"https:\/\/www.cgfmanet.org\/en\/ifma-en\/economer-general-of-the-fma-institute\/\" \/>\n<meta property=\"og:locale\" content=\"en_US\" \/>\n<meta property=\"og:type\" content=\"article\" \/>\n<meta property=\"og:title\" content=\"Economer General of the FMA Institute &#8226; Istituto Figlie di Maria Ausiliatrice\" \/>\n<meta property=\"og:description\" content=\"Rome (Italy). Sr. Ena Veral\u00eds Bola\u00f1os, is the Economer General of the Institute of the Daughters of Mary Help of Christians. Sr. Ena Veral\u00eds Bola\u00f1os was born on 17 September [&hellip;]\" \/>\n<meta property=\"og:url\" content=\"https:\/\/www.cgfmanet.org\/en\/ifma-en\/economer-general-of-the-fma-institute\/\" \/>\n<meta property=\"og:site_name\" content=\"Istituto Figlie di Maria Ausiliatrice\" \/>\n<meta property=\"article:publisher\" content=\"https:\/\/www.facebook.com\/salesian.sisters.of.don.bosco\/\" \/>\n<meta property=\"article:published_time\" content=\"2021-10-13T21:03:54+00:00\" \/>\n<meta property=\"article:modified_time\" content=\"2021-10-14T13:18:58+00:00\" \/>\n<meta property=\"og:image\" content=\"https:\/\/www.cgfmanet.org\/wp-content\/uploads\/2021\/10\/3-Ena.jpg\" \/>\n\t<meta property=\"og:image:width\" content=\"1200\" \/>\n\t<meta property=\"og:image:height\" content=\"800\" \/>\n\t<meta property=\"og:image:type\" content=\"image\/jpeg\" \/>\n<meta name=\"author\" content=\"Redazione\" \/>\n<meta name=\"twitter:card\" content=\"summary_large_image\" \/>\n<meta name=\"twitter:creator\" content=\"@Cgfmanet_Org\" \/>\n<meta name=\"twitter:site\" content=\"@Cgfmanet_Org\" \/>\n<meta name=\"twitter:label1\" content=\"Written by\" \/>\n\t<meta name=\"twitter:data1\" content=\"Redazione\" \/>\n\t<meta name=\"twitter:label2\" content=\"Est. reading time\" \/>\n\t<meta name=\"twitter:data2\" content=\"3 minutes\" \/>\n<script type=\"application\/ld+json\" class=\"yoast-schema-graph\">{\"@context\":\"https:\\\/\\\/schema.org\",\"@graph\":[{\"@type\":\"Article\",\"@id\":\"https:\\\/\\\/www.cgfmanet.org\\\/en\\\/ifma-en\\\/economer-general-of-the-fma-institute\\\/#article\",\"isPartOf\":{\"@id\":\"https:\\\/\\\/www.cgfmanet.org\\\/en\\\/ifma-en\\\/economer-general-of-the-fma-institute\\\/\"},\"author\":{\"name\":\"Redazione\",\"@id\":\"https:\\\/\\\/www.cgfmanet.org\\\/es\\\/#\\\/schema\\\/person\\\/703c410f03e282e766dab407c5be96fe\"},\"headline\":\"Economer General of the FMA Institute\",\"datePublished\":\"2021-10-13T21:03:54+00:00\",\"dateModified\":\"2021-10-14T13:18:58+00:00\",\"mainEntityOfPage\":{\"@id\":\"https:\\\/\\\/www.cgfmanet.org\\\/en\\\/ifma-en\\\/economer-general-of-the-fma-institute\\\/\"},\"wordCount\":562,\"commentCount\":1,\"publisher\":{\"@id\":\"https:\\\/\\\/www.cgfmanet.org\\\/es\\\/#organization\"},\"image\":{\"@id\":\"https:\\\/\\\/www.cgfmanet.org\\\/en\\\/ifma-en\\\/economer-general-of-the-fma-institute\\\/#primaryimage\"},\"thumbnailUrl\":\"https:\\\/\\\/www.cgfmanet.org\\\/wp-content\\\/uploads\\\/2021\\\/10\\\/3-Ena.jpg\",\"keywords\":[\"Councilor for Administration\",\"Focus\",\"IFMA\",\"Economa Generale\"],\"articleSection\":[\"General Chapter\",\"IFMA\"],\"inLanguage\":\"en-US\",\"potentialAction\":[{\"@type\":\"CommentAction\",\"name\":\"Comment\",\"target\":[\"https:\\\/\\\/www.cgfmanet.org\\\/en\\\/ifma-en\\\/economer-general-of-the-fma-institute\\\/#respond\"]}]},{\"@type\":\"WebPage\",\"@id\":\"https:\\\/\\\/www.cgfmanet.org\\\/en\\\/ifma-en\\\/economer-general-of-the-fma-institute\\\/\",\"url\":\"https:\\\/\\\/www.cgfmanet.org\\\/en\\\/ifma-en\\\/economer-general-of-the-fma-institute\\\/\",\"name\":\"Economer General of the FMA Institute &#8226; Istituto Figlie di Maria Ausiliatrice\",\"isPartOf\":{\"@id\":\"https:\\\/\\\/www.cgfmanet.org\\\/es\\\/#website\"},\"primaryImageOfPage\":{\"@id\":\"https:\\\/\\\/www.cgfmanet.org\\\/en\\\/ifma-en\\\/economer-general-of-the-fma-institute\\\/#primaryimage\"},\"image\":{\"@id\":\"https:\\\/\\\/www.cgfmanet.org\\\/en\\\/ifma-en\\\/economer-general-of-the-fma-institute\\\/#primaryimage\"},\"thumbnailUrl\":\"https:\\\/\\\/www.cgfmanet.org\\\/wp-content\\\/uploads\\\/2021\\\/10\\\/3-Ena.jpg\",\"datePublished\":\"2021-10-13T21:03:54+00:00\",\"dateModified\":\"2021-10-14T13:18:58+00:00\",\"breadcrumb\":{\"@id\":\"https:\\\/\\\/www.cgfmanet.org\\\/en\\\/ifma-en\\\/economer-general-of-the-fma-institute\\\/#breadcrumb\"},\"inLanguage\":\"en-US\",\"potentialAction\":[{\"@type\":\"ReadAction\",\"target\":[\"https:\\\/\\\/www.cgfmanet.org\\\/en\\\/ifma-en\\\/economer-general-of-the-fma-institute\\\/\"]}]},{\"@type\":\"ImageObject\",\"inLanguage\":\"en-US\",\"@id\":\"https:\\\/\\\/www.cgfmanet.org\\\/en\\\/ifma-en\\\/economer-general-of-the-fma-institute\\\/#primaryimage\",\"url\":\"https:\\\/\\\/www.cgfmanet.org\\\/wp-content\\\/uploads\\\/2021\\\/10\\\/3-Ena.jpg\",\"contentUrl\":\"https:\\\/\\\/www.cgfmanet.org\\\/wp-content\\\/uploads\\\/2021\\\/10\\\/3-Ena.jpg\",\"width\":1200,\"height\":800},{\"@type\":\"BreadcrumbList\",\"@id\":\"https:\\\/\\\/www.cgfmanet.org\\\/en\\\/ifma-en\\\/economer-general-of-the-fma-institute\\\/#breadcrumb\",\"itemListElement\":[{\"@type\":\"ListItem\",\"position\":1,\"name\":\"Home\",\"item\":\"https:\\\/\\\/www.cgfmanet.org\\\/en\\\/\"},{\"@type\":\"ListItem\",\"position\":2,\"name\":\"Economer General of the FMA Institute\"}]},{\"@type\":\"WebSite\",\"@id\":\"https:\\\/\\\/www.cgfmanet.org\\\/es\\\/#website\",\"url\":\"https:\\\/\\\/www.cgfmanet.org\\\/es\\\/\",\"name\":\"Istituto Figlie di Maria Ausiliatrice\",\"description\":\"Salesiane di Don Bosco\",\"publisher\":{\"@id\":\"https:\\\/\\\/www.cgfmanet.org\\\/es\\\/#organization\"},\"potentialAction\":[{\"@type\":\"SearchAction\",\"target\":{\"@type\":\"EntryPoint\",\"urlTemplate\":\"https:\\\/\\\/www.cgfmanet.org\\\/es\\\/?s={search_term_string}\"},\"query-input\":{\"@type\":\"PropertyValueSpecification\",\"valueRequired\":true,\"valueName\":\"search_term_string\"}}],\"inLanguage\":\"en-US\"},{\"@type\":\"Organization\",\"@id\":\"https:\\\/\\\/www.cgfmanet.org\\\/es\\\/#organization\",\"name\":\"Istituto Figlie di Maria Ausiliatrice\",\"url\":\"https:\\\/\\\/www.cgfmanet.org\\\/es\\\/\",\"logo\":{\"@type\":\"ImageObject\",\"inLanguage\":\"en-US\",\"@id\":\"https:\\\/\\\/www.cgfmanet.org\\\/es\\\/#\\\/schema\\\/logo\\\/image\\\/\",\"url\":\"https:\\\/\\\/www.cgfmanet.org\\\/wp-content\\\/uploads\\\/2018\\\/10\\\/logo-fma.png\",\"contentUrl\":\"https:\\\/\\\/www.cgfmanet.org\\\/wp-content\\\/uploads\\\/2018\\\/10\\\/logo-fma.png\",\"width\":214,\"height\":55,\"caption\":\"Istituto Figlie di Maria Ausiliatrice\"},\"image\":{\"@id\":\"https:\\\/\\\/www.cgfmanet.org\\\/es\\\/#\\\/schema\\\/logo\\\/image\\\/\"},\"sameAs\":[\"https:\\\/\\\/www.facebook.com\\\/salesian.sisters.of.don.bosco\\\/\",\"https:\\\/\\\/x.com\\\/Cgfmanet_Org\",\"https:\\\/\\\/www.youtube.com\\\/channel\\\/UCmcr8yFQBV7JXeXVxyV9y5Q\"]},{\"@type\":\"Person\",\"@id\":\"https:\\\/\\\/www.cgfmanet.org\\\/es\\\/#\\\/schema\\\/person\\\/703c410f03e282e766dab407c5be96fe\",\"name\":\"Redazione\"}]}<\/script>\n<!-- \/ Yoast SEO plugin. -->","yoast_head_json":{"title":"Economer General of the FMA Institute &#8226; Istituto Figlie di Maria Ausiliatrice","robots":{"index":"index","follow":"follow","max-snippet":"max-snippet:-1","max-image-preview":"max-image-preview:large","max-video-preview":"max-video-preview:-1"},"canonical":"https:\/\/www.cgfmanet.org\/en\/ifma-en\/economer-general-of-the-fma-institute\/","og_locale":"en_US","og_type":"article","og_title":"Economer General of the FMA Institute &#8226; Istituto Figlie di Maria Ausiliatrice","og_description":"Rome (Italy). Sr. Ena Veral\u00eds Bola\u00f1os, is the Economer General of the Institute of the Daughters of Mary Help of Christians. Sr. Ena Veral\u00eds Bola\u00f1os was born on 17 September [&hellip;]","og_url":"https:\/\/www.cgfmanet.org\/en\/ifma-en\/economer-general-of-the-fma-institute\/","og_site_name":"Istituto Figlie di Maria Ausiliatrice","article_publisher":"https:\/\/www.facebook.com\/salesian.sisters.of.don.bosco\/","article_published_time":"2021-10-13T21:03:54+00:00","article_modified_time":"2021-10-14T13:18:58+00:00","og_image":[{"width":1200,"height":800,"url":"https:\/\/www.cgfmanet.org\/wp-content\/uploads\/2021\/10\/3-Ena.jpg","type":"image\/jpeg"}],"author":"Redazione","twitter_card":"summary_large_image","twitter_creator":"@Cgfmanet_Org","twitter_site":"@Cgfmanet_Org","twitter_misc":{"Written by":"Redazione","Est. reading time":"3 minutes"},"schema":{"@context":"https:\/\/schema.org","@graph":[{"@type":"Article","@id":"https:\/\/www.cgfmanet.org\/en\/ifma-en\/economer-general-of-the-fma-institute\/#article","isPartOf":{"@id":"https:\/\/www.cgfmanet.org\/en\/ifma-en\/economer-general-of-the-fma-institute\/"},"author":{"name":"Redazione","@id":"https:\/\/www.cgfmanet.org\/es\/#\/schema\/person\/703c410f03e282e766dab407c5be96fe"},"headline":"Economer General of the FMA Institute","datePublished":"2021-10-13T21:03:54+00:00","dateModified":"2021-10-14T13:18:58+00:00","mainEntityOfPage":{"@id":"https:\/\/www.cgfmanet.org\/en\/ifma-en\/economer-general-of-the-fma-institute\/"},"wordCount":562,"commentCount":1,"publisher":{"@id":"https:\/\/www.cgfmanet.org\/es\/#organization"},"image":{"@id":"https:\/\/www.cgfmanet.org\/en\/ifma-en\/economer-general-of-the-fma-institute\/#primaryimage"},"thumbnailUrl":"https:\/\/www.cgfmanet.org\/wp-content\/uploads\/2021\/10\/3-Ena.jpg","keywords":["Councilor for Administration","Focus","IFMA","Economa Generale"],"articleSection":["General Chapter","IFMA"],"inLanguage":"en-US","potentialAction":[{"@type":"CommentAction","name":"Comment","target":["https:\/\/www.cgfmanet.org\/en\/ifma-en\/economer-general-of-the-fma-institute\/#respond"]}]},{"@type":"WebPage","@id":"https:\/\/www.cgfmanet.org\/en\/ifma-en\/economer-general-of-the-fma-institute\/","url":"https:\/\/www.cgfmanet.org\/en\/ifma-en\/economer-general-of-the-fma-institute\/","name":"Economer General of the FMA Institute &#8226; Istituto Figlie di Maria Ausiliatrice","isPartOf":{"@id":"https:\/\/www.cgfmanet.org\/es\/#website"},"primaryImageOfPage":{"@id":"https:\/\/www.cgfmanet.org\/en\/ifma-en\/economer-general-of-the-fma-institute\/#primaryimage"},"image":{"@id":"https:\/\/www.cgfmanet.org\/en\/ifma-en\/economer-general-of-the-fma-institute\/#primaryimage"},"thumbnailUrl":"https:\/\/www.cgfmanet.org\/wp-content\/uploads\/2021\/10\/3-Ena.jpg","datePublished":"2021-10-13T21:03:54+00:00","dateModified":"2021-10-14T13:18:58+00:00","breadcrumb":{"@id":"https:\/\/www.cgfmanet.org\/en\/ifma-en\/economer-general-of-the-fma-institute\/#breadcrumb"},"inLanguage":"en-US","potentialAction":[{"@type":"ReadAction","target":["https:\/\/www.cgfmanet.org\/en\/ifma-en\/economer-general-of-the-fma-institute\/"]}]},{"@type":"ImageObject","inLanguage":"en-US","@id":"https:\/\/www.cgfmanet.org\/en\/ifma-en\/economer-general-of-the-fma-institute\/#primaryimage","url":"https:\/\/www.cgfmanet.org\/wp-content\/uploads\/2021\/10\/3-Ena.jpg","contentUrl":"https:\/\/www.cgfmanet.org\/wp-content\/uploads\/2021\/10\/3-Ena.jpg","width":1200,"height":800},{"@type":"BreadcrumbList","@id":"https:\/\/www.cgfmanet.org\/en\/ifma-en\/economer-general-of-the-fma-institute\/#breadcrumb","itemListElement":[{"@type":"ListItem","position":1,"name":"Home","item":"https:\/\/www.cgfmanet.org\/en\/"},{"@type":"ListItem","position":2,"name":"Economer General of the FMA Institute"}]},{"@type":"WebSite","@id":"https:\/\/www.cgfmanet.org\/es\/#website","url":"https:\/\/www.cgfmanet.org\/es\/","name":"Istituto Figlie di Maria Ausiliatrice","description":"Salesiane di Don Bosco","publisher":{"@id":"https:\/\/www.cgfmanet.org\/es\/#organization"},"potentialAction":[{"@type":"SearchAction","target":{"@type":"EntryPoint","urlTemplate":"https:\/\/www.cgfmanet.org\/es\/?s={search_term_string}"},"query-input":{"@type":"PropertyValueSpecification","valueRequired":true,"valueName":"search_term_string"}}],"inLanguage":"en-US"},{"@type":"Organization","@id":"https:\/\/www.cgfmanet.org\/es\/#organization","name":"Istituto Figlie di Maria Ausiliatrice","url":"https:\/\/www.cgfmanet.org\/es\/","logo":{"@type":"ImageObject","inLanguage":"en-US","@id":"https:\/\/www.cgfmanet.org\/es\/#\/schema\/logo\/image\/","url":"https:\/\/www.cgfmanet.org\/wp-content\/uploads\/2018\/10\/logo-fma.png","contentUrl":"https:\/\/www.cgfmanet.org\/wp-content\/uploads\/2018\/10\/logo-fma.png","width":214,"height":55,"caption":"Istituto Figlie di Maria Ausiliatrice"},"image":{"@id":"https:\/\/www.cgfmanet.org\/es\/#\/schema\/logo\/image\/"},"sameAs":["https:\/\/www.facebook.com\/salesian.sisters.of.don.bosco\/","https:\/\/x.com\/Cgfmanet_Org","https:\/\/www.youtube.com\/channel\/UCmcr8yFQBV7JXeXVxyV9y5Q"]},{"@type":"Person","@id":"https:\/\/www.cgfmanet.org\/es\/#\/schema\/person\/703c410f03e282e766dab407c5be96fe","name":"Redazione"}]}},"_links":{"self":[{"href":"https:\/\/www.cgfmanet.org\/en\/wp-json\/wp\/v2\/posts\/54485","targetHints":{"allow":["GET"]}}],"collection":[{"href":"https:\/\/www.cgfmanet.org\/en\/wp-json\/wp\/v2\/posts"}],"about":[{"href":"https:\/\/www.cgfmanet.org\/en\/wp-json\/wp\/v2\/types\/post"}],"author":[{"embeddable":true,"href":"https:\/\/www.cgfmanet.org\/en\/wp-json\/wp\/v2\/users\/19"}],"replies":[{"embeddable":true,"href":"https:\/\/www.cgfmanet.org\/en\/wp-json\/wp\/v2\/comments?post=54485"}],"version-history":[{"count":0,"href":"https:\/\/www.cgfmanet.org\/en\/wp-json\/wp\/v2\/posts\/54485\/revisions"}],"wp:featuredmedia":[{"embeddable":true,"href":"https:\/\/www.cgfmanet.org\/en\/wp-json\/wp\/v2\/media\/54490"}],"wp:attachment":[{"href":"https:\/\/www.cgfmanet.org\/en\/wp-json\/wp\/v2\/media?parent=54485"}],"wp:term":[{"taxonomy":"category","embeddable":true,"href":"https:\/\/www.cgfmanet.org\/en\/wp-json\/wp\/v2\/categories?post=54485"},{"taxonomy":"post_tag","embeddable":true,"href":"https:\/\/www.cgfmanet.org\/en\/wp-json\/wp\/v2\/tags?post=54485"}],"curies":[{"name":"wp","href":"https:\/\/api.w.org\/{rel}","templated":true}]}}