{"id":156481,"date":"2026-04-26T10:35:08","date_gmt":"2026-04-26T08:35:08","guid":{"rendered":"https:\/\/www.cgfmanet.org\/infosphere\/130-di-ensa-a-ponte-nova-bmm\/"},"modified":"2026-04-26T10:35:08","modified_gmt":"2026-04-26T08:35:08","slug":"130-di-ensa-a-ponte-nova-bmm","status":"publish","type":"post","link":"https:\/\/www.cgfmanet.org\/en\/ifma-en\/130-di-ensa-a-ponte-nova-bmm\/","title":{"rendered":"130\u00b0 di ENSA a Ponte Nova \u2013 BMM"},"content":{"rendered":"<p><strong>Ponte Nova (Brasile).<\/strong> L\u201911 aprile 2026 la Scuola <em>Nossa Senhora Auxiliadora<\/em> (ENSA) di Ponte Nova, dell\u2019Ispettoria <em>Madre Mazzarello<\/em> (BMM), ha celebrato 130 anni di storia con un momento speciale aperto al pubblico, che ha riunito allievi, Exallievi, Educatori, famiglie e la Comunit\u00e0 <em>Maria Ausiliatrice<\/em> delle Figlie di Maria Ausiliatrice.<\/p>\n<p>Fondata l&#8217;11 aprile 1896, ENSA giunge ai 130 anni come Istituzione consolidata che \u00e8 un punto come riferimento nell&#8217;educazione a Ponte Nova, mantenendo il suo impegno per la formazione integrale, basata su valori, conoscenza e sviluppo umano.<\/p>\n<p>La celebrazione ha avuto inizio nella palestra della Scuola, con il saluto della Direttrice Pedagogica, Marina Alves, seguito da una presentazione storica offerta dalla Direttrice Istituzionale, suor Maria Helena Moreira, che ha messo in luce la crescita della Scuola nel corso dei decenni<span data-path-to-node=\"1,3\">. <\/span><span data-path-to-node=\"1,4\">Nel suo discorso, ha evidenziato: <em>&#8220;Di fronte a una storia cos\u00ec bella e significativa, raccogliamo oggi i frutti di tante persone che hanno aiutato a costruire questo vero patrimonio umano<\/em><\/span><em>. Siamo noi, nel presente, che diamo continuit\u00e0 alla storia dell&#8217;ENSA. Celebrare 130 anni significa aprirsi alla gratitudine per tante generazioni che qui hanno lasciato l&#8217;impronta dell&#8217;educazione salesiana e dell&#8217;impegno per la trasformazione della societ\u00e0&#8221;.<\/em><\/p>\n<p data-path-to-node=\"2\"><span data-path-to-node=\"2,1\">Il programma \u00e8 continuato con una celebrazione condotta da don Francisco, riprendendo i valori che fondano la proposta educativa dell&#8217;Istituzione<\/span><span data-path-to-node=\"2,3\">. <\/span><span data-path-to-node=\"2,4\">Sono seguite esibizioni culturali, come la rappresentazione teatrale e musicale a cura degli alunni della Fondazione Menino Jesus e della banda ExaltaENSA, costituita da studenti della scuola<\/span><span data-path-to-node=\"2,7\">.<\/span><\/p>\n<p data-path-to-node=\"3\"><span data-path-to-node=\"3,1\">Uno dei momenti significativi della mattinata \u00e8 stato l&#8217;omaggio alle persone che hanno contribuito alla costruzione della storia dell&#8217;ENSA, tra collaboratori, ex direttori, professori ed Exallieve<\/span><span data-path-to-node=\"3,3\">. Sono stati omaggiati: Sylvia de Almeida Costa Garavini, Exallieva; <\/span><span data-path-to-node=\"3,4\">Maria das Gra\u00e7as Lima Nunes Pinheiro, prima direttrice laica dell&#8217;istituzione<\/span><span data-path-to-node=\"3,7\">; <\/span><span data-path-to-node=\"3,8\">Z\u00e9lia Leonardo de Melo, la professoressa pi\u00f9 anziana della scuola; i collaboratori Ant\u00f4nio Carlos da Silva, Rosa B\u00e1rbara de Oliveira Silva, M\u00f4nica Martins de Azevedo Paes, Joana Deusddite da Fonseca Magalh\u00e3es e Cleide Ant\u00f4nia C\u00e9lio Amaral; oltre a suor Stella Matutina Ferreira, riconosciuta come promotrice dello sport nell&#8217;ENSA<\/span><span data-path-to-node=\"3,14\">. <\/span><span data-path-to-node=\"3,15\">Tutti hanno ricevuto targhe in segno di riconoscenza per la loro dedizione e il loro contributo<\/span><span data-path-to-node=\"3,18\">.<\/span><\/p>\n<p data-path-to-node=\"4\"><span data-path-to-node=\"4,1\">I\/le partecipanti si sono poi riuniti per il tradizionale momento di auguri, celebrato con una torta commemorativa, segno dello spirito di unit\u00e0 che da sempre caratterizza la scuola. <\/span>Si \u00e8 poi continuato con attivit\u00e0 simultanee, tra cui una mostra di ricordi storici, la piantumazione di un albero, e con attivit\u00e0 ricreative e sportive che hanno promosso l&#8217;integrazione tra diverse generazioni<span data-path-to-node=\"4,7\">.<\/span><\/p>\n","protected":false},"excerpt":{"rendered":"<p>Ponte Nova (Brasile). L\u201911 aprile 2026 la Scuola Nossa Senhora Auxiliadora (ENSA) di Ponte Nova, dell\u2019Ispettoria Madre Mazzarello (BMM), ha celebrato 130 anni di storia con un momento speciale aperto [&hellip;]<\/p>\n","protected":false},"author":21,"featured_media":156476,"comment_status":"open","ping_status":"closed","sticky":false,"template":"","format":"standard","meta":{"footnotes":""},"categories":[157,184],"tags":[1134,1453,1928,2136,2285],"class_list":["post-156481","post","type-post","status-publish","format-standard","has-post-thumbnail","category-ifma-en","category-presence-works","tag-education","tag-school","tag-focus-en","tag-anniversario-en","tag-bmm-en"],"yoast_head":"<!-- This site is optimized with the Yoast SEO plugin v27.4 - https:\/\/yoast.com\/product\/yoast-seo-wordpress\/ -->\n<title>130\u00b0 di ENSA a Ponte Nova \u2013 BMM &#8226; Istituto Figlie di Maria Ausiliatrice<\/title>\n<meta name=\"robots\" content=\"index, follow, max-snippet:-1, max-image-preview:large, max-video-preview:-1\" \/>\n<link rel=\"canonical\" href=\"https:\/\/www.cgfmanet.org\/en\/infosphere\/130-di-ensa-a-ponte-nova-bmm\/\" \/>\n<meta property=\"og:locale\" content=\"en_US\" \/>\n<meta property=\"og:type\" content=\"article\" \/>\n<meta property=\"og:title\" content=\"130\u00b0 di ENSA a Ponte Nova \u2013 BMM &#8226; Istituto Figlie di Maria Ausiliatrice\" \/>\n<meta property=\"og:description\" content=\"Ponte Nova (Brasile). L\u201911 aprile 2026 la Scuola Nossa Senhora Auxiliadora (ENSA) di Ponte Nova, dell\u2019Ispettoria Madre Mazzarello (BMM), ha celebrato 130 anni di storia con un momento speciale aperto [&hellip;]\" \/>\n<meta property=\"og:url\" content=\"https:\/\/www.cgfmanet.org\/en\/infosphere\/130-di-ensa-a-ponte-nova-bmm\/\" \/>\n<meta property=\"og:site_name\" content=\"Istituto Figlie di Maria Ausiliatrice\" \/>\n<meta property=\"article:publisher\" content=\"https:\/\/www.facebook.com\/salesian.sisters.of.don.bosco\/\" \/>\n<meta property=\"article:published_time\" content=\"2026-04-26T08:35:08+00:00\" \/>\n<meta property=\"og:image\" content=\"https:\/\/www.cgfmanet.org\/wp-content\/uploads\/2018\/10\/logo-fma-retina.png\" \/>\n\t<meta property=\"og:image:width\" content=\"425\" \/>\n\t<meta property=\"og:image:height\" content=\"109\" \/>\n\t<meta property=\"og:image:type\" content=\"image\/png\" \/>\n<meta name=\"author\" content=\"Redazione\" \/>\n<meta name=\"twitter:card\" content=\"summary_large_image\" \/>\n<meta name=\"twitter:creator\" content=\"@Cgfmanet_Org\" \/>\n<meta name=\"twitter:site\" content=\"@Cgfmanet_Org\" \/>\n<meta name=\"twitter:label1\" content=\"Written by\" \/>\n\t<meta name=\"twitter:data1\" content=\"Redazione\" \/>\n\t<meta name=\"twitter:label2\" content=\"Est. reading time\" \/>\n\t<meta name=\"twitter:data2\" content=\"2 minutes\" \/>\n<script type=\"application\/ld+json\" class=\"yoast-schema-graph\">{\"@context\":\"https:\\\/\\\/schema.org\",\"@graph\":[{\"@type\":\"Article\",\"@id\":\"https:\\\/\\\/www.cgfmanet.org\\\/en\\\/infosphere\\\/130-di-ensa-a-ponte-nova-bmm\\\/#article\",\"isPartOf\":{\"@id\":\"https:\\\/\\\/www.cgfmanet.org\\\/en\\\/infosphere\\\/130-di-ensa-a-ponte-nova-bmm\\\/\"},\"author\":{\"name\":\"Redazione\",\"@id\":\"https:\\\/\\\/www.cgfmanet.org\\\/es\\\/#\\\/schema\\\/person\\\/ce6473083f53ef0ef882cca23f0c8fb9\"},\"headline\":\"130\u00b0 di ENSA a Ponte Nova \u2013 BMM\",\"datePublished\":\"2026-04-26T08:35:08+00:00\",\"mainEntityOfPage\":{\"@id\":\"https:\\\/\\\/www.cgfmanet.org\\\/en\\\/infosphere\\\/130-di-ensa-a-ponte-nova-bmm\\\/\"},\"wordCount\":427,\"commentCount\":0,\"publisher\":{\"@id\":\"https:\\\/\\\/www.cgfmanet.org\\\/es\\\/#organization\"},\"image\":{\"@id\":\"https:\\\/\\\/www.cgfmanet.org\\\/en\\\/infosphere\\\/130-di-ensa-a-ponte-nova-bmm\\\/#primaryimage\"},\"thumbnailUrl\":\"https:\\\/\\\/www.cgfmanet.org\\\/wp-content\\\/uploads\\\/2026\\\/04\\\/130\u00b0-ENSA-Ponte-Nova_BMM.jpg\",\"keywords\":[\"Education\",\"School\",\"Focus\",\"Anniversario\",\"BMM\"],\"articleSection\":[\"IFMA\",\"Presence and Works\"],\"inLanguage\":\"en-US\",\"potentialAction\":[{\"@type\":\"CommentAction\",\"name\":\"Comment\",\"target\":[\"https:\\\/\\\/www.cgfmanet.org\\\/en\\\/infosphere\\\/130-di-ensa-a-ponte-nova-bmm\\\/#respond\"]}]},{\"@type\":\"WebPage\",\"@id\":\"https:\\\/\\\/www.cgfmanet.org\\\/en\\\/infosphere\\\/130-di-ensa-a-ponte-nova-bmm\\\/\",\"url\":\"https:\\\/\\\/www.cgfmanet.org\\\/en\\\/infosphere\\\/130-di-ensa-a-ponte-nova-bmm\\\/\",\"name\":\"130\u00b0 di ENSA a Ponte Nova \u2013 BMM &#8226; Istituto Figlie di Maria Ausiliatrice\",\"isPartOf\":{\"@id\":\"https:\\\/\\\/www.cgfmanet.org\\\/es\\\/#website\"},\"primaryImageOfPage\":{\"@id\":\"https:\\\/\\\/www.cgfmanet.org\\\/en\\\/infosphere\\\/130-di-ensa-a-ponte-nova-bmm\\\/#primaryimage\"},\"image\":{\"@id\":\"https:\\\/\\\/www.cgfmanet.org\\\/en\\\/infosphere\\\/130-di-ensa-a-ponte-nova-bmm\\\/#primaryimage\"},\"thumbnailUrl\":\"https:\\\/\\\/www.cgfmanet.org\\\/wp-content\\\/uploads\\\/2026\\\/04\\\/130\u00b0-ENSA-Ponte-Nova_BMM.jpg\",\"datePublished\":\"2026-04-26T08:35:08+00:00\",\"breadcrumb\":{\"@id\":\"https:\\\/\\\/www.cgfmanet.org\\\/en\\\/infosphere\\\/130-di-ensa-a-ponte-nova-bmm\\\/#breadcrumb\"},\"inLanguage\":\"en-US\",\"potentialAction\":[{\"@type\":\"ReadAction\",\"target\":[\"https:\\\/\\\/www.cgfmanet.org\\\/en\\\/infosphere\\\/130-di-ensa-a-ponte-nova-bmm\\\/\"]}]},{\"@type\":\"ImageObject\",\"inLanguage\":\"en-US\",\"@id\":\"https:\\\/\\\/www.cgfmanet.org\\\/en\\\/infosphere\\\/130-di-ensa-a-ponte-nova-bmm\\\/#primaryimage\",\"url\":\"https:\\\/\\\/www.cgfmanet.org\\\/wp-content\\\/uploads\\\/2026\\\/04\\\/130\u00b0-ENSA-Ponte-Nova_BMM.jpg\",\"contentUrl\":\"https:\\\/\\\/www.cgfmanet.org\\\/wp-content\\\/uploads\\\/2026\\\/04\\\/130\u00b0-ENSA-Ponte-Nova_BMM.jpg\",\"width\":1200,\"height\":800},{\"@type\":\"BreadcrumbList\",\"@id\":\"https:\\\/\\\/www.cgfmanet.org\\\/en\\\/infosphere\\\/130-di-ensa-a-ponte-nova-bmm\\\/#breadcrumb\",\"itemListElement\":[{\"@type\":\"ListItem\",\"position\":1,\"name\":\"Home\",\"item\":\"https:\\\/\\\/www.cgfmanet.org\\\/en\\\/\"},{\"@type\":\"ListItem\",\"position\":2,\"name\":\"130\u00b0 di ENSA a Ponte Nova \u2013 BMM\"}]},{\"@type\":\"WebSite\",\"@id\":\"https:\\\/\\\/www.cgfmanet.org\\\/es\\\/#website\",\"url\":\"https:\\\/\\\/www.cgfmanet.org\\\/es\\\/\",\"name\":\"Istituto Figlie di Maria Ausiliatrice\",\"description\":\"Salesiane di Don Bosco\",\"publisher\":{\"@id\":\"https:\\\/\\\/www.cgfmanet.org\\\/es\\\/#organization\"},\"potentialAction\":[{\"@type\":\"SearchAction\",\"target\":{\"@type\":\"EntryPoint\",\"urlTemplate\":\"https:\\\/\\\/www.cgfmanet.org\\\/es\\\/?s={search_term_string}\"},\"query-input\":{\"@type\":\"PropertyValueSpecification\",\"valueRequired\":true,\"valueName\":\"search_term_string\"}}],\"inLanguage\":\"en-US\"},{\"@type\":\"Organization\",\"@id\":\"https:\\\/\\\/www.cgfmanet.org\\\/es\\\/#organization\",\"name\":\"Istituto Figlie di Maria Ausiliatrice\",\"url\":\"https:\\\/\\\/www.cgfmanet.org\\\/es\\\/\",\"logo\":{\"@type\":\"ImageObject\",\"inLanguage\":\"en-US\",\"@id\":\"https:\\\/\\\/www.cgfmanet.org\\\/es\\\/#\\\/schema\\\/logo\\\/image\\\/\",\"url\":\"https:\\\/\\\/www.cgfmanet.org\\\/wp-content\\\/uploads\\\/2018\\\/10\\\/logo-fma.png\",\"contentUrl\":\"https:\\\/\\\/www.cgfmanet.org\\\/wp-content\\\/uploads\\\/2018\\\/10\\\/logo-fma.png\",\"width\":214,\"height\":55,\"caption\":\"Istituto Figlie di Maria Ausiliatrice\"},\"image\":{\"@id\":\"https:\\\/\\\/www.cgfmanet.org\\\/es\\\/#\\\/schema\\\/logo\\\/image\\\/\"},\"sameAs\":[\"https:\\\/\\\/www.facebook.com\\\/salesian.sisters.of.don.bosco\\\/\",\"https:\\\/\\\/x.com\\\/Cgfmanet_Org\",\"https:\\\/\\\/www.youtube.com\\\/channel\\\/UCmcr8yFQBV7JXeXVxyV9y5Q\"]},{\"@type\":\"Person\",\"@id\":\"https:\\\/\\\/www.cgfmanet.org\\\/es\\\/#\\\/schema\\\/person\\\/ce6473083f53ef0ef882cca23f0c8fb9\",\"name\":\"Redazione\"}]}<\/script>\n<!-- \/ Yoast SEO plugin. -->","yoast_head_json":{"title":"130\u00b0 di ENSA a Ponte Nova \u2013 BMM &#8226; Istituto Figlie di Maria Ausiliatrice","robots":{"index":"index","follow":"follow","max-snippet":"max-snippet:-1","max-image-preview":"max-image-preview:large","max-video-preview":"max-video-preview:-1"},"canonical":"https:\/\/www.cgfmanet.org\/en\/infosphere\/130-di-ensa-a-ponte-nova-bmm\/","og_locale":"en_US","og_type":"article","og_title":"130\u00b0 di ENSA a Ponte Nova \u2013 BMM &#8226; Istituto Figlie di Maria Ausiliatrice","og_description":"Ponte Nova (Brasile). L\u201911 aprile 2026 la Scuola Nossa Senhora Auxiliadora (ENSA) di Ponte Nova, dell\u2019Ispettoria Madre Mazzarello (BMM), ha celebrato 130 anni di storia con un momento speciale aperto [&hellip;]","og_url":"https:\/\/www.cgfmanet.org\/en\/infosphere\/130-di-ensa-a-ponte-nova-bmm\/","og_site_name":"Istituto Figlie di Maria Ausiliatrice","article_publisher":"https:\/\/www.facebook.com\/salesian.sisters.of.don.bosco\/","article_published_time":"2026-04-26T08:35:08+00:00","og_image":[{"width":425,"height":109,"url":"https:\/\/www.cgfmanet.org\/wp-content\/uploads\/2018\/10\/logo-fma-retina.png","type":"image\/png"}],"author":"Redazione","twitter_card":"summary_large_image","twitter_creator":"@Cgfmanet_Org","twitter_site":"@Cgfmanet_Org","twitter_misc":{"Written by":"Redazione","Est. reading time":"2 minutes"},"schema":{"@context":"https:\/\/schema.org","@graph":[{"@type":"Article","@id":"https:\/\/www.cgfmanet.org\/en\/infosphere\/130-di-ensa-a-ponte-nova-bmm\/#article","isPartOf":{"@id":"https:\/\/www.cgfmanet.org\/en\/infosphere\/130-di-ensa-a-ponte-nova-bmm\/"},"author":{"name":"Redazione","@id":"https:\/\/www.cgfmanet.org\/es\/#\/schema\/person\/ce6473083f53ef0ef882cca23f0c8fb9"},"headline":"130\u00b0 di ENSA a Ponte Nova \u2013 BMM","datePublished":"2026-04-26T08:35:08+00:00","mainEntityOfPage":{"@id":"https:\/\/www.cgfmanet.org\/en\/infosphere\/130-di-ensa-a-ponte-nova-bmm\/"},"wordCount":427,"commentCount":0,"publisher":{"@id":"https:\/\/www.cgfmanet.org\/es\/#organization"},"image":{"@id":"https:\/\/www.cgfmanet.org\/en\/infosphere\/130-di-ensa-a-ponte-nova-bmm\/#primaryimage"},"thumbnailUrl":"https:\/\/www.cgfmanet.org\/wp-content\/uploads\/2026\/04\/130\u00b0-ENSA-Ponte-Nova_BMM.jpg","keywords":["Education","School","Focus","Anniversario","BMM"],"articleSection":["IFMA","Presence and Works"],"inLanguage":"en-US","potentialAction":[{"@type":"CommentAction","name":"Comment","target":["https:\/\/www.cgfmanet.org\/en\/infosphere\/130-di-ensa-a-ponte-nova-bmm\/#respond"]}]},{"@type":"WebPage","@id":"https:\/\/www.cgfmanet.org\/en\/infosphere\/130-di-ensa-a-ponte-nova-bmm\/","url":"https:\/\/www.cgfmanet.org\/en\/infosphere\/130-di-ensa-a-ponte-nova-bmm\/","name":"130\u00b0 di ENSA a Ponte Nova \u2013 BMM &#8226; Istituto Figlie di Maria Ausiliatrice","isPartOf":{"@id":"https:\/\/www.cgfmanet.org\/es\/#website"},"primaryImageOfPage":{"@id":"https:\/\/www.cgfmanet.org\/en\/infosphere\/130-di-ensa-a-ponte-nova-bmm\/#primaryimage"},"image":{"@id":"https:\/\/www.cgfmanet.org\/en\/infosphere\/130-di-ensa-a-ponte-nova-bmm\/#primaryimage"},"thumbnailUrl":"https:\/\/www.cgfmanet.org\/wp-content\/uploads\/2026\/04\/130\u00b0-ENSA-Ponte-Nova_BMM.jpg","datePublished":"2026-04-26T08:35:08+00:00","breadcrumb":{"@id":"https:\/\/www.cgfmanet.org\/en\/infosphere\/130-di-ensa-a-ponte-nova-bmm\/#breadcrumb"},"inLanguage":"en-US","potentialAction":[{"@type":"ReadAction","target":["https:\/\/www.cgfmanet.org\/en\/infosphere\/130-di-ensa-a-ponte-nova-bmm\/"]}]},{"@type":"ImageObject","inLanguage":"en-US","@id":"https:\/\/www.cgfmanet.org\/en\/infosphere\/130-di-ensa-a-ponte-nova-bmm\/#primaryimage","url":"https:\/\/www.cgfmanet.org\/wp-content\/uploads\/2026\/04\/130\u00b0-ENSA-Ponte-Nova_BMM.jpg","contentUrl":"https:\/\/www.cgfmanet.org\/wp-content\/uploads\/2026\/04\/130\u00b0-ENSA-Ponte-Nova_BMM.jpg","width":1200,"height":800},{"@type":"BreadcrumbList","@id":"https:\/\/www.cgfmanet.org\/en\/infosphere\/130-di-ensa-a-ponte-nova-bmm\/#breadcrumb","itemListElement":[{"@type":"ListItem","position":1,"name":"Home","item":"https:\/\/www.cgfmanet.org\/en\/"},{"@type":"ListItem","position":2,"name":"130\u00b0 di ENSA a Ponte Nova \u2013 BMM"}]},{"@type":"WebSite","@id":"https:\/\/www.cgfmanet.org\/es\/#website","url":"https:\/\/www.cgfmanet.org\/es\/","name":"Istituto Figlie di Maria Ausiliatrice","description":"Salesiane di Don Bosco","publisher":{"@id":"https:\/\/www.cgfmanet.org\/es\/#organization"},"potentialAction":[{"@type":"SearchAction","target":{"@type":"EntryPoint","urlTemplate":"https:\/\/www.cgfmanet.org\/es\/?s={search_term_string}"},"query-input":{"@type":"PropertyValueSpecification","valueRequired":true,"valueName":"search_term_string"}}],"inLanguage":"en-US"},{"@type":"Organization","@id":"https:\/\/www.cgfmanet.org\/es\/#organization","name":"Istituto Figlie di Maria Ausiliatrice","url":"https:\/\/www.cgfmanet.org\/es\/","logo":{"@type":"ImageObject","inLanguage":"en-US","@id":"https:\/\/www.cgfmanet.org\/es\/#\/schema\/logo\/image\/","url":"https:\/\/www.cgfmanet.org\/wp-content\/uploads\/2018\/10\/logo-fma.png","contentUrl":"https:\/\/www.cgfmanet.org\/wp-content\/uploads\/2018\/10\/logo-fma.png","width":214,"height":55,"caption":"Istituto Figlie di Maria Ausiliatrice"},"image":{"@id":"https:\/\/www.cgfmanet.org\/es\/#\/schema\/logo\/image\/"},"sameAs":["https:\/\/www.facebook.com\/salesian.sisters.of.don.bosco\/","https:\/\/x.com\/Cgfmanet_Org","https:\/\/www.youtube.com\/channel\/UCmcr8yFQBV7JXeXVxyV9y5Q"]},{"@type":"Person","@id":"https:\/\/www.cgfmanet.org\/es\/#\/schema\/person\/ce6473083f53ef0ef882cca23f0c8fb9","name":"Redazione"}]}},"_links":{"self":[{"href":"https:\/\/www.cgfmanet.org\/en\/wp-json\/wp\/v2\/posts\/156481","targetHints":{"allow":["GET"]}}],"collection":[{"href":"https:\/\/www.cgfmanet.org\/en\/wp-json\/wp\/v2\/posts"}],"about":[{"href":"https:\/\/www.cgfmanet.org\/en\/wp-json\/wp\/v2\/types\/post"}],"author":[{"embeddable":true,"href":"https:\/\/www.cgfmanet.org\/en\/wp-json\/wp\/v2\/users\/21"}],"replies":[{"embeddable":true,"href":"https:\/\/www.cgfmanet.org\/en\/wp-json\/wp\/v2\/comments?post=156481"}],"version-history":[{"count":0,"href":"https:\/\/www.cgfmanet.org\/en\/wp-json\/wp\/v2\/posts\/156481\/revisions"}],"wp:featuredmedia":[{"embeddable":true,"href":"https:\/\/www.cgfmanet.org\/en\/wp-json\/wp\/v2\/media\/156476"}],"wp:attachment":[{"href":"https:\/\/www.cgfmanet.org\/en\/wp-json\/wp\/v2\/media?parent=156481"}],"wp:term":[{"taxonomy":"category","embeddable":true,"href":"https:\/\/www.cgfmanet.org\/en\/wp-json\/wp\/v2\/categories?post=156481"},{"taxonomy":"post_tag","embeddable":true,"href":"https:\/\/www.cgfmanet.org\/en\/wp-json\/wp\/v2\/tags?post=156481"}],"curies":[{"name":"wp","href":"https:\/\/api.w.org\/{rel}","templated":true}]}}