{"id":126975,"date":"2025-01-21T21:58:19","date_gmt":"2025-01-21T20:58:19","guid":{"rendered":"https:\/\/www.cgfmanet.org\/infosphere\/la-cappella-con-le-reliquie-di-laura-vicuna-e-chiesa-giubilare\/"},"modified":"2025-01-25T22:54:38","modified_gmt":"2025-01-25T21:54:38","slug":"the-chapel-with-the-relics-of-laura-vicuna-is-a-jubilee-church","status":"publish","type":"post","link":"https:\/\/www.cgfmanet.org\/en\/infosphere\/the-chapel-with-the-relics-of-laura-vicuna-is-a-jubilee-church\/","title":{"rendered":"The Chapel with the relics of Laura Vicu\u00f1a is a Jubilee Church"},"content":{"rendered":"<p><strong>Bah\u00eda Blanca (Argentina).<\/strong> On 8 January 2025, the Archbishop of the Archdiocese of Bah\u00eda Blanca, Msgr. Carlos Azpiroz Costa, through a <span style=\"color: #0000ff;\"><strong><a style=\"color: #0000ff;\" href=\"https:\/\/drive.google.com\/file\/d\/1rgPHfLnX6bQH1eF0-kFWLAbkkEGk_rYT\/view?usp=drive_link\" target=\"_blank\" rel=\"noopener\">letter<\/a><\/strong><\/span> signed by the Auxiliary Bishop, Msgr. Pedro E. Fornau, has established that the <strong>Chapel of Mary Help of Christians School of the Daughters of Mary Help of Christians of\u00a0 Laura Vicu\u00f1a Province (ARG), which houses the remains of Blessed Laura Vicu\u00f1a, as the place where the grace of plenary indulgence will be granted on 22 January\u00a0 2025<\/strong>, on the occasion of the liturgical memorial of the Blessed.<\/p>\n<p><strong>The chapel is also recognized as a Jubilee Church<\/strong>, both for the celebration of 22 January 2025, and on the 22<sup>nd<\/sup> of each month, as &#8220;similar occasions&#8221;, in the context of the Holy Year and Jubilee of Hope which ends with the feast of Epiphany 2026.<\/p>\n<p>On 8 December 2024, the Archdiocese of Bah\u00eda Blanca had in fact arranged that, in addition to the 10 <em>&#8220;jubilee temples&#8221; already indicated, &#8220;the patron-saint feasts (or similar occasions) of the various parishes, shrines or places of pilgrimage are considered on these occasions as places of Jubilee pilgrimage.&#8221;<\/em><\/p>\n<p>Regarding the request of the FMA to declare the Chapel as a place to obtain, every 22 January of the following years, under the conditions laid down by the Church, the grace of plenary indulgence, the Bishop expressed his willingness to initiate the request to the Apostolic Penitentiary of the Holy See on behalf of <em>Laura Vicu\u00f1a<\/em> Province.<\/p>\n<p><strong>The news aroused the joy of all the FMA and the Educating Communities of the Province<\/strong>, who are preparing to live, together with young people, the Feast of the birth into Heaven of the Blessed in this &#8216;special&#8217; year for the Church, in which Pope Francis, in the Jubilee Bull of Indiction, invites to live the pilgrimage as a fundamental element of the Jubilee event:<\/p>\n<p><em>&#8220;Setting out is typical of those who go in search of the meaning of life. The pilgrimage on foot greatly promotes the rediscovery of the value of silence, of fatigue, of essentiality.&#8221;<\/em><\/p>\n<p><strong><a href=\"https:\/\/www.cgfmanet.org\/wp-content\/uploads\/2025\/01\/Cappella-Bahia-Blanca_4.jpg\"><img decoding=\"async\" class=\"alignright wp-image-126969 lazyload\" data-src=\"https:\/\/www.cgfmanet.org\/wp-content\/uploads\/2025\/01\/Cappella-Bahia-Blanca_4.jpg\" alt=\"\" width=\"300\" height=\"383\" data-srcset=\"https:\/\/www.cgfmanet.org\/wp-content\/uploads\/2025\/01\/Cappella-Bahia-Blanca_4.jpg 927w, https:\/\/www.cgfmanet.org\/wp-content\/uploads\/2025\/01\/Cappella-Bahia-Blanca_4-768x981.jpg 768w, https:\/\/www.cgfmanet.org\/wp-content\/uploads\/2025\/01\/Cappella-Bahia-Blanca_4-329x420.jpg 329w, https:\/\/www.cgfmanet.org\/wp-content\/uploads\/2025\/01\/Cappella-Bahia-Blanca_4-696x889.jpg 696w\" data-sizes=\"auto\" src=\"data:image\/svg+xml;base64,PHN2ZyB3aWR0aD0iMSIgaGVpZ2h0PSIxIiB4bWxucz0iaHR0cDovL3d3dy53My5vcmcvMjAwMC9zdmciPjwvc3ZnPg==\" style=\"--smush-placeholder-width: 300px; --smush-placeholder-aspect-ratio: 300\/383;\" data-original-sizes=\"(max-width: 300px) 100vw, 300px\" \/><\/a>Inside the Chapel in an urn<span style=\"color: #0000ff;\">\u00a0<a style=\"color: #0000ff;\" href=\"https:\/\/www.cgfmanet.org\/en\/ifma-en\/33rd-anniversary-beatification-laura-vicuna\/\" target=\"_blank\" rel=\"noopener\">transferred on 22 August 2021<\/a><\/span><\/strong> nel<\/p>\n<p>in the new space with direct access from the outside, making it possible to venerate the relics of &#8220;Laurita&#8221;. It is the destination of numerous pilgrims, as well as students of the School who wish to meet her, pray to her, and invoke her for her intercession.<\/p>\n<p><strong>Laura is a &#8220;reflection of hope&#8221;<\/strong> for many young people who, through her family life lived with love even in the most difficult situations, shows us how to turn pain into love, suffering into joy:<\/p>\n<p><em>&#8220;Laura teaches us and invites us to live every day by valuing the present and accepting what we must live, as it is, in the confident hope of what will be&#8221; (Silvia Dupont and Susana Billordo FMA, &#8220;Laura Vicu\u00f1a. Transforming pain into love&#8221;).<\/em><\/p>\n<p><span style=\"color: #0000ff;\"><a style=\"color: #0000ff;\" href=\"https:\/\/drive.google.com\/drive\/u\/1\/folders\/1TYvngKfo3tWjNv7qMZjy8n67wcQvFA1n\" target=\"_blank\" rel=\"noopener\"><strong>Resources and ppt<\/strong><\/a><\/span><\/p>\n\r\n                <style type=\"text\/css\">\r\n                    \r\n                    #tdi_1  .td-doubleSlider-2 .td-item1 {\r\n                        background: url(https:\/\/www.cgfmanet.org\/wp-content\/uploads\/2025\/01\/Cappella-Bahia-Blanca_5-80x60.jpg) 0 0 no-repeat;\r\n                    }\r\n                    #tdi_1  .td-doubleSlider-2 .td-item2 {\r\n                        background: url(https:\/\/www.cgfmanet.org\/wp-content\/uploads\/2025\/01\/Cappella-Bahia-Blanca_3-80x60.jpg) 0 0 no-repeat;\r\n                    }\r\n                    #tdi_1  .td-doubleSlider-2 .td-item3 {\r\n                        background: url(https:\/\/www.cgfmanet.org\/wp-content\/uploads\/2025\/01\/Cappella-Bahia-Blanca_1-80x60.jpg) 0 0 no-repeat;\r\n                    }\r\n                    #tdi_1  .td-doubleSlider-2 .td-item4 {\r\n                        background: url(https:\/\/www.cgfmanet.org\/wp-content\/uploads\/2025\/01\/Cappella-Bahia-Blanca_6-80x60.jpg) 0 0 no-repeat;\r\n                    }\r\n                    #tdi_1  .td-doubleSlider-2 .td-item5 {\r\n                        background: url(https:\/\/www.cgfmanet.org\/wp-content\/uploads\/2025\/01\/Cappella-Bahia-Blanca_2-80x60.jpg) 0 0 no-repeat;\r\n                    }\r\n                <\/style>\r\n\r\n                <div id=\"tdi_1\" class=\"td-gallery td-slide-on-2-columns\">\r\n                    <div class=\"post_td_gallery\">\r\n                        <div class=\"td-gallery-slide-top\">\r\n                           <div class=\"td-gallery-title\"><\/div>\r\n\r\n                            <div class=\"td-gallery-controls-wrapper\">\r\n                                <div class=\"td-gallery-slide-count\"><span class=\"td-gallery-slide-item-focus\">1<\/span> of 5<\/div>\r\n                                <div class=\"td-gallery-slide-prev-next-but\">\r\n                                    <i class = \"td-icon-left doubleSliderPrevButton\"><\/i>\r\n                                    <i class = \"td-icon-right doubleSliderNextButton\"><\/i>\r\n                                <\/div>\r\n                            <\/div>\r\n                        <\/div>\r\n\r\n                        <div class = \"td-doubleSlider-1 \">\r\n                            <div class = \"td-slider\">\r\n                                \r\n                    <div class = \"td-slide-item td-item1\">\r\n                        <figure class=\"td-slide-galery-figure td-slide-popup-gallery\">\r\n                            <a class=\"slide-gallery-image-link\" href=\"https:\/\/www.cgfmanet.org\/wp-content\/uploads\/2025\/01\/Cappella-Bahia-Blanca_5.jpg\" title=\"Cappella Bah\u00eda Blanca_5\"  data-caption=\"\"  data-description=\"\">\r\n                                <img decoding=\"async\" data-src=\"https:\/\/www.cgfmanet.org\/wp-content\/uploads\/2025\/01\/Cappella-Bahia-Blanca_5-267x420.jpg\" data-srcset=\"https:\/\/www.cgfmanet.org\/wp-content\/uploads\/2025\/01\/Cappella-Bahia-Blanca_5-267x420.jpg 267w, https:\/\/www.cgfmanet.org\/wp-content\/uploads\/2025\/01\/Cappella-Bahia-Blanca_5-768x1209.jpg 768w, https:\/\/www.cgfmanet.org\/wp-content\/uploads\/2025\/01\/Cappella-Bahia-Blanca_5-696x1096.jpg 696w, https:\/\/www.cgfmanet.org\/wp-content\/uploads\/2025\/01\/Cappella-Bahia-Blanca_5.jpg 886w\" data-sizes=\"auto\" alt=\"\" src=\"data:image\/svg+xml;base64,PHN2ZyB3aWR0aD0iMSIgaGVpZ2h0PSIxIiB4bWxucz0iaHR0cDovL3d3dy53My5vcmcvMjAwMC9zdmciPjwvc3ZnPg==\" class=\"lazyload\" style=\"--smush-placeholder-width: 267px; --smush-placeholder-aspect-ratio: 267\/420;\" data-original-sizes=\"(max-width: 267px) 100vw, 267px\">\r\n                            <\/a>\r\n                            \r\n                        <\/figure>\r\n                    <\/div>\r\n                    <div class = \"td-slide-item td-item2\">\r\n                        <figure class=\"td-slide-galery-figure td-slide-popup-gallery\">\r\n                            <a class=\"slide-gallery-image-link\" href=\"https:\/\/www.cgfmanet.org\/wp-content\/uploads\/2025\/01\/Cappella-Bahia-Blanca_3.jpg\" title=\"Cappella Bah\u00eda Blanca_3\"  data-caption=\"\"  data-description=\"\">\r\n                                <img decoding=\"async\" data-src=\"https:\/\/www.cgfmanet.org\/wp-content\/uploads\/2025\/01\/Cappella-Bahia-Blanca_3-630x420.jpg\" data-srcset=\"https:\/\/www.cgfmanet.org\/wp-content\/uploads\/2025\/01\/Cappella-Bahia-Blanca_3-630x420.jpg 630w, https:\/\/www.cgfmanet.org\/wp-content\/uploads\/2025\/01\/Cappella-Bahia-Blanca_3-768x512.jpg 768w, https:\/\/www.cgfmanet.org\/wp-content\/uploads\/2025\/01\/Cappella-Bahia-Blanca_3-696x464.jpg 696w, https:\/\/www.cgfmanet.org\/wp-content\/uploads\/2025\/01\/Cappella-Bahia-Blanca_3.jpg 1181w\" data-sizes=\"auto\" alt=\"\" src=\"data:image\/svg+xml;base64,PHN2ZyB3aWR0aD0iMSIgaGVpZ2h0PSIxIiB4bWxucz0iaHR0cDovL3d3dy53My5vcmcvMjAwMC9zdmciPjwvc3ZnPg==\" class=\"lazyload\" style=\"--smush-placeholder-width: 630px; --smush-placeholder-aspect-ratio: 630\/420;\" data-original-sizes=\"(max-width: 630px) 100vw, 630px\">\r\n                            <\/a>\r\n                            \r\n                        <\/figure>\r\n                    <\/div>\r\n                    <div class = \"td-slide-item td-item3\">\r\n                        <figure class=\"td-slide-galery-figure td-slide-popup-gallery\">\r\n                            <a class=\"slide-gallery-image-link\" href=\"https:\/\/www.cgfmanet.org\/wp-content\/uploads\/2025\/01\/Cappella-Bahia-Blanca_1.jpg\" title=\"Cappella Bah\u00eda Blanca_1\"  data-caption=\"\"  data-description=\"\">\r\n                                <img decoding=\"async\" data-src=\"https:\/\/www.cgfmanet.org\/wp-content\/uploads\/2025\/01\/Cappella-Bahia-Blanca_1-629x420.jpg\" data-srcset=\"https:\/\/www.cgfmanet.org\/wp-content\/uploads\/2025\/01\/Cappella-Bahia-Blanca_1-629x420.jpg 629w, https:\/\/www.cgfmanet.org\/wp-content\/uploads\/2025\/01\/Cappella-Bahia-Blanca_1-768x512.jpg 768w, https:\/\/www.cgfmanet.org\/wp-content\/uploads\/2025\/01\/Cappella-Bahia-Blanca_1-696x464.jpg 696w, https:\/\/www.cgfmanet.org\/wp-content\/uploads\/2025\/01\/Cappella-Bahia-Blanca_1.jpg 1181w\" data-sizes=\"auto\" alt=\"\" src=\"data:image\/svg+xml;base64,PHN2ZyB3aWR0aD0iMSIgaGVpZ2h0PSIxIiB4bWxucz0iaHR0cDovL3d3dy53My5vcmcvMjAwMC9zdmciPjwvc3ZnPg==\" class=\"lazyload\" style=\"--smush-placeholder-width: 629px; --smush-placeholder-aspect-ratio: 629\/420;\" data-original-sizes=\"(max-width: 629px) 100vw, 629px\">\r\n                            <\/a>\r\n                            \r\n                        <\/figure>\r\n                    <\/div>\r\n                    <div class = \"td-slide-item td-item4\">\r\n                        <figure class=\"td-slide-galery-figure td-slide-popup-gallery\">\r\n                            <a class=\"slide-gallery-image-link\" href=\"https:\/\/www.cgfmanet.org\/wp-content\/uploads\/2025\/01\/Cappella-Bahia-Blanca_6.jpg\" title=\"Cappella Bah\u00eda Blanca_6\"  data-caption=\"\"  data-description=\"\">\r\n                                <img decoding=\"async\" data-src=\"https:\/\/www.cgfmanet.org\/wp-content\/uploads\/2025\/01\/Cappella-Bahia-Blanca_6-631x420.jpg\" data-srcset=\"https:\/\/www.cgfmanet.org\/wp-content\/uploads\/2025\/01\/Cappella-Bahia-Blanca_6-631x420.jpg 631w, https:\/\/www.cgfmanet.org\/wp-content\/uploads\/2025\/01\/Cappella-Bahia-Blanca_6-768x511.jpg 768w, https:\/\/www.cgfmanet.org\/wp-content\/uploads\/2025\/01\/Cappella-Bahia-Blanca_6-696x463.jpg 696w, https:\/\/www.cgfmanet.org\/wp-content\/uploads\/2025\/01\/Cappella-Bahia-Blanca_6.jpg 1182w\" data-sizes=\"auto\" alt=\"\" src=\"data:image\/svg+xml;base64,PHN2ZyB3aWR0aD0iMSIgaGVpZ2h0PSIxIiB4bWxucz0iaHR0cDovL3d3dy53My5vcmcvMjAwMC9zdmciPjwvc3ZnPg==\" class=\"lazyload\" style=\"--smush-placeholder-width: 631px; --smush-placeholder-aspect-ratio: 631\/420;\" data-original-sizes=\"(max-width: 631px) 100vw, 631px\">\r\n                            <\/a>\r\n                            \r\n                        <\/figure>\r\n                    <\/div>\r\n                    <div class = \"td-slide-item td-item5\">\r\n                        <figure class=\"td-slide-galery-figure td-slide-popup-gallery\">\r\n                            <a class=\"slide-gallery-image-link\" href=\"https:\/\/www.cgfmanet.org\/wp-content\/uploads\/2025\/01\/Cappella-Bahia-Blanca_2.jpg\" title=\"Cappella Bah\u00eda Blanca_2\"  data-caption=\"\"  data-description=\"\">\r\n                                <img decoding=\"async\" data-src=\"https:\/\/www.cgfmanet.org\/wp-content\/uploads\/2025\/01\/Cappella-Bahia-Blanca_2-279x420.jpg\" data-srcset=\"https:\/\/www.cgfmanet.org\/wp-content\/uploads\/2025\/01\/Cappella-Bahia-Blanca_2-279x420.jpg 279w, https:\/\/www.cgfmanet.org\/wp-content\/uploads\/2025\/01\/Cappella-Bahia-Blanca_2-768x1155.jpg 768w, https:\/\/www.cgfmanet.org\/wp-content\/uploads\/2025\/01\/Cappella-Bahia-Blanca_2-1021x1536.jpg 1021w, https:\/\/www.cgfmanet.org\/wp-content\/uploads\/2025\/01\/Cappella-Bahia-Blanca_2-696x1047.jpg 696w, https:\/\/www.cgfmanet.org\/wp-content\/uploads\/2025\/01\/Cappella-Bahia-Blanca_2.jpg 1181w\" data-sizes=\"auto\" alt=\"\" src=\"data:image\/svg+xml;base64,PHN2ZyB3aWR0aD0iMSIgaGVpZ2h0PSIxIiB4bWxucz0iaHR0cDovL3d3dy53My5vcmcvMjAwMC9zdmciPjwvc3ZnPg==\" class=\"lazyload\" style=\"--smush-placeholder-width: 279px; --smush-placeholder-aspect-ratio: 279\/420;\" data-original-sizes=\"(max-width: 279px) 100vw, 279px\">\r\n                            <\/a>\r\n                            \r\n                        <\/figure>\r\n                    <\/div>\r\n                            <\/div>\r\n                        <\/div>\r\n\r\n                        <div class = \"td-doubleSlider-2\">\r\n                            <div class = \"td-slider\">\r\n                                \r\n                    <div class = \"td-button td-item1\">\r\n                        <div class = \"td-border\"><\/div>\r\n                    <\/div>\r\n                    <div class = \"td-button td-item2\">\r\n                        <div class = \"td-border\"><\/div>\r\n                    <\/div>\r\n                    <div class = \"td-button td-item3\">\r\n                        <div class = \"td-border\"><\/div>\r\n                    <\/div>\r\n                    <div class = \"td-button td-item4\">\r\n                        <div class = \"td-border\"><\/div>\r\n                    <\/div>\r\n                    <div class = \"td-button td-item5\">\r\n                        <div class = \"td-border\"><\/div>\r\n                    <\/div>\r\n                            <\/div>\r\n                        <\/div>\r\n\r\n                    <\/div>\r\n\r\n                <\/div>\r\n                \n","protected":false},"excerpt":{"rendered":"<p>Bah\u00eda Blanca (Argentina). On 8 January 2025, the Archbishop of the Archdiocese of Bah\u00eda Blanca, Msgr. Carlos Azpiroz Costa, through a letter signed by the Auxiliary Bishop, Msgr. Pedro E. [&hellip;]<\/p>\n","protected":false},"author":21,"featured_media":126965,"comment_status":"open","ping_status":"closed","sticky":false,"template":"","format":"standard","meta":{"footnotes":""},"categories":[37,190],"tags":[357,1452,2426,2448],"class_list":["post-126975","post","type-post","status-publish","format-standard","has-post-thumbnail","category-infosphere","category-church","tag-laura-vicuna-en","tag-salesian-holiness","tag-arg-en","tag-jubilee-2025"],"yoast_head":"<!-- This site is optimized with the Yoast SEO plugin v27.4 - https:\/\/yoast.com\/product\/yoast-seo-wordpress\/ -->\n<title>The Chapel with the relics of Laura Vicu\u00f1a is a Jubilee Church &#8226; Istituto Figlie di Maria Ausiliatrice<\/title>\n<meta name=\"description\" content=\"The Archbishop of Bah\u00eda Blanca has recognized the chapel of Mary Help of Christians School, which houses the remains of Blessed Laura Vicu\u00f1a, as a Jubilee Church.\" \/>\n<meta name=\"robots\" content=\"index, follow, max-snippet:-1, max-image-preview:large, max-video-preview:-1\" \/>\n<link rel=\"canonical\" href=\"https:\/\/www.cgfmanet.org\/en\/infosphere\/the-chapel-with-the-relics-of-laura-vicuna-is-a-jubilee-church\/\" \/>\n<meta property=\"og:locale\" content=\"en_US\" \/>\n<meta property=\"og:type\" content=\"article\" \/>\n<meta property=\"og:title\" content=\"The Chapel with the relics of Laura Vicu\u00f1a is a Jubilee Church &#8226; Istituto Figlie di Maria Ausiliatrice\" \/>\n<meta property=\"og:description\" content=\"The Archbishop of Bah\u00eda Blanca has recognized the chapel of Mary Help of Christians School, which houses the remains of Blessed Laura Vicu\u00f1a, as a Jubilee Church.\" \/>\n<meta property=\"og:url\" content=\"https:\/\/www.cgfmanet.org\/en\/infosphere\/the-chapel-with-the-relics-of-laura-vicuna-is-a-jubilee-church\/\" \/>\n<meta property=\"og:site_name\" content=\"Istituto Figlie di Maria Ausiliatrice\" \/>\n<meta property=\"article:publisher\" content=\"https:\/\/www.facebook.com\/salesian.sisters.of.don.bosco\/\" \/>\n<meta property=\"article:published_time\" content=\"2025-01-21T20:58:19+00:00\" \/>\n<meta property=\"article:modified_time\" content=\"2025-01-25T21:54:38+00:00\" \/>\n<meta property=\"og:image\" content=\"https:\/\/www.cgfmanet.org\/wp-content\/uploads\/2025\/01\/Cappella-Bahia-Blanca.jpg\" \/>\n\t<meta property=\"og:image:width\" content=\"1181\" \/>\n\t<meta property=\"og:image:height\" content=\"787\" \/>\n\t<meta property=\"og:image:type\" content=\"image\/jpeg\" \/>\n<meta name=\"author\" content=\"Redazione\" \/>\n<meta name=\"twitter:card\" content=\"summary_large_image\" \/>\n<meta name=\"twitter:creator\" content=\"@Cgfmanet_Org\" \/>\n<meta name=\"twitter:site\" content=\"@Cgfmanet_Org\" \/>\n<meta name=\"twitter:label1\" content=\"Written by\" \/>\n\t<meta name=\"twitter:data1\" content=\"Redazione\" \/>\n\t<meta name=\"twitter:label2\" content=\"Est. reading time\" \/>\n\t<meta name=\"twitter:data2\" content=\"3 minutes\" \/>\n<script type=\"application\/ld+json\" class=\"yoast-schema-graph\">{\"@context\":\"https:\\\/\\\/schema.org\",\"@graph\":[{\"@type\":\"Article\",\"@id\":\"https:\\\/\\\/www.cgfmanet.org\\\/en\\\/infosphere\\\/the-chapel-with-the-relics-of-laura-vicuna-is-a-jubilee-church\\\/#article\",\"isPartOf\":{\"@id\":\"https:\\\/\\\/www.cgfmanet.org\\\/en\\\/infosphere\\\/the-chapel-with-the-relics-of-laura-vicuna-is-a-jubilee-church\\\/\"},\"author\":{\"name\":\"Redazione\",\"@id\":\"https:\\\/\\\/www.cgfmanet.org\\\/es\\\/#\\\/schema\\\/person\\\/ce6473083f53ef0ef882cca23f0c8fb9\"},\"headline\":\"The Chapel with the relics of Laura Vicu\u00f1a is a Jubilee Church\",\"datePublished\":\"2025-01-21T20:58:19+00:00\",\"dateModified\":\"2025-01-25T21:54:38+00:00\",\"mainEntityOfPage\":{\"@id\":\"https:\\\/\\\/www.cgfmanet.org\\\/en\\\/infosphere\\\/the-chapel-with-the-relics-of-laura-vicuna-is-a-jubilee-church\\\/\"},\"wordCount\":495,\"commentCount\":0,\"publisher\":{\"@id\":\"https:\\\/\\\/www.cgfmanet.org\\\/es\\\/#organization\"},\"image\":{\"@id\":\"https:\\\/\\\/www.cgfmanet.org\\\/en\\\/infosphere\\\/the-chapel-with-the-relics-of-laura-vicuna-is-a-jubilee-church\\\/#primaryimage\"},\"thumbnailUrl\":\"https:\\\/\\\/www.cgfmanet.org\\\/wp-content\\\/uploads\\\/2025\\\/01\\\/Cappella-Bahia-Blanca.jpg\",\"keywords\":[\"Laura Vicu\u00f1a\",\"Salesian Holiness\",\"ARG\",\"Jubilee 2025\"],\"articleSection\":[\"Infosphere\",\"Church\"],\"inLanguage\":\"en-US\",\"potentialAction\":[{\"@type\":\"CommentAction\",\"name\":\"Comment\",\"target\":[\"https:\\\/\\\/www.cgfmanet.org\\\/en\\\/infosphere\\\/the-chapel-with-the-relics-of-laura-vicuna-is-a-jubilee-church\\\/#respond\"]}]},{\"@type\":\"WebPage\",\"@id\":\"https:\\\/\\\/www.cgfmanet.org\\\/en\\\/infosphere\\\/the-chapel-with-the-relics-of-laura-vicuna-is-a-jubilee-church\\\/\",\"url\":\"https:\\\/\\\/www.cgfmanet.org\\\/en\\\/infosphere\\\/the-chapel-with-the-relics-of-laura-vicuna-is-a-jubilee-church\\\/\",\"name\":\"The Chapel with the relics of Laura Vicu\u00f1a is a Jubilee Church &#8226; Istituto Figlie di Maria Ausiliatrice\",\"isPartOf\":{\"@id\":\"https:\\\/\\\/www.cgfmanet.org\\\/es\\\/#website\"},\"primaryImageOfPage\":{\"@id\":\"https:\\\/\\\/www.cgfmanet.org\\\/en\\\/infosphere\\\/the-chapel-with-the-relics-of-laura-vicuna-is-a-jubilee-church\\\/#primaryimage\"},\"image\":{\"@id\":\"https:\\\/\\\/www.cgfmanet.org\\\/en\\\/infosphere\\\/the-chapel-with-the-relics-of-laura-vicuna-is-a-jubilee-church\\\/#primaryimage\"},\"thumbnailUrl\":\"https:\\\/\\\/www.cgfmanet.org\\\/wp-content\\\/uploads\\\/2025\\\/01\\\/Cappella-Bahia-Blanca.jpg\",\"datePublished\":\"2025-01-21T20:58:19+00:00\",\"dateModified\":\"2025-01-25T21:54:38+00:00\",\"description\":\"The Archbishop of Bah\u00eda Blanca has recognized the chapel of Mary Help of Christians School, which houses the remains of Blessed Laura Vicu\u00f1a, as a Jubilee Church.\",\"breadcrumb\":{\"@id\":\"https:\\\/\\\/www.cgfmanet.org\\\/en\\\/infosphere\\\/the-chapel-with-the-relics-of-laura-vicuna-is-a-jubilee-church\\\/#breadcrumb\"},\"inLanguage\":\"en-US\",\"potentialAction\":[{\"@type\":\"ReadAction\",\"target\":[\"https:\\\/\\\/www.cgfmanet.org\\\/en\\\/infosphere\\\/the-chapel-with-the-relics-of-laura-vicuna-is-a-jubilee-church\\\/\"]}]},{\"@type\":\"ImageObject\",\"inLanguage\":\"en-US\",\"@id\":\"https:\\\/\\\/www.cgfmanet.org\\\/en\\\/infosphere\\\/the-chapel-with-the-relics-of-laura-vicuna-is-a-jubilee-church\\\/#primaryimage\",\"url\":\"https:\\\/\\\/www.cgfmanet.org\\\/wp-content\\\/uploads\\\/2025\\\/01\\\/Cappella-Bahia-Blanca.jpg\",\"contentUrl\":\"https:\\\/\\\/www.cgfmanet.org\\\/wp-content\\\/uploads\\\/2025\\\/01\\\/Cappella-Bahia-Blanca.jpg\",\"width\":1181,\"height\":787},{\"@type\":\"BreadcrumbList\",\"@id\":\"https:\\\/\\\/www.cgfmanet.org\\\/en\\\/infosphere\\\/the-chapel-with-the-relics-of-laura-vicuna-is-a-jubilee-church\\\/#breadcrumb\",\"itemListElement\":[{\"@type\":\"ListItem\",\"position\":1,\"name\":\"Home\",\"item\":\"https:\\\/\\\/www.cgfmanet.org\\\/en\\\/\"},{\"@type\":\"ListItem\",\"position\":2,\"name\":\"The Chapel with the relics of Laura Vicu\u00f1a is a Jubilee Church\"}]},{\"@type\":\"WebSite\",\"@id\":\"https:\\\/\\\/www.cgfmanet.org\\\/es\\\/#website\",\"url\":\"https:\\\/\\\/www.cgfmanet.org\\\/es\\\/\",\"name\":\"Istituto Figlie di Maria Ausiliatrice\",\"description\":\"Salesiane di Don Bosco\",\"publisher\":{\"@id\":\"https:\\\/\\\/www.cgfmanet.org\\\/es\\\/#organization\"},\"potentialAction\":[{\"@type\":\"SearchAction\",\"target\":{\"@type\":\"EntryPoint\",\"urlTemplate\":\"https:\\\/\\\/www.cgfmanet.org\\\/es\\\/?s={search_term_string}\"},\"query-input\":{\"@type\":\"PropertyValueSpecification\",\"valueRequired\":true,\"valueName\":\"search_term_string\"}}],\"inLanguage\":\"en-US\"},{\"@type\":\"Organization\",\"@id\":\"https:\\\/\\\/www.cgfmanet.org\\\/es\\\/#organization\",\"name\":\"Istituto Figlie di Maria Ausiliatrice\",\"url\":\"https:\\\/\\\/www.cgfmanet.org\\\/es\\\/\",\"logo\":{\"@type\":\"ImageObject\",\"inLanguage\":\"en-US\",\"@id\":\"https:\\\/\\\/www.cgfmanet.org\\\/es\\\/#\\\/schema\\\/logo\\\/image\\\/\",\"url\":\"https:\\\/\\\/www.cgfmanet.org\\\/wp-content\\\/uploads\\\/2018\\\/10\\\/logo-fma.png\",\"contentUrl\":\"https:\\\/\\\/www.cgfmanet.org\\\/wp-content\\\/uploads\\\/2018\\\/10\\\/logo-fma.png\",\"width\":214,\"height\":55,\"caption\":\"Istituto Figlie di Maria Ausiliatrice\"},\"image\":{\"@id\":\"https:\\\/\\\/www.cgfmanet.org\\\/es\\\/#\\\/schema\\\/logo\\\/image\\\/\"},\"sameAs\":[\"https:\\\/\\\/www.facebook.com\\\/salesian.sisters.of.don.bosco\\\/\",\"https:\\\/\\\/x.com\\\/Cgfmanet_Org\",\"https:\\\/\\\/www.youtube.com\\\/channel\\\/UCmcr8yFQBV7JXeXVxyV9y5Q\"]},{\"@type\":\"Person\",\"@id\":\"https:\\\/\\\/www.cgfmanet.org\\\/es\\\/#\\\/schema\\\/person\\\/ce6473083f53ef0ef882cca23f0c8fb9\",\"name\":\"Redazione\"}]}<\/script>\n<!-- \/ Yoast SEO plugin. -->","yoast_head_json":{"title":"The Chapel with the relics of Laura Vicu\u00f1a is a Jubilee Church &#8226; Istituto Figlie di Maria Ausiliatrice","description":"The Archbishop of Bah\u00eda Blanca has recognized the chapel of Mary Help of Christians School, which houses the remains of Blessed Laura Vicu\u00f1a, as a Jubilee Church.","robots":{"index":"index","follow":"follow","max-snippet":"max-snippet:-1","max-image-preview":"max-image-preview:large","max-video-preview":"max-video-preview:-1"},"canonical":"https:\/\/www.cgfmanet.org\/en\/infosphere\/the-chapel-with-the-relics-of-laura-vicuna-is-a-jubilee-church\/","og_locale":"en_US","og_type":"article","og_title":"The Chapel with the relics of Laura Vicu\u00f1a is a Jubilee Church &#8226; Istituto Figlie di Maria Ausiliatrice","og_description":"The Archbishop of Bah\u00eda Blanca has recognized the chapel of Mary Help of Christians School, which houses the remains of Blessed Laura Vicu\u00f1a, as a Jubilee Church.","og_url":"https:\/\/www.cgfmanet.org\/en\/infosphere\/the-chapel-with-the-relics-of-laura-vicuna-is-a-jubilee-church\/","og_site_name":"Istituto Figlie di Maria Ausiliatrice","article_publisher":"https:\/\/www.facebook.com\/salesian.sisters.of.don.bosco\/","article_published_time":"2025-01-21T20:58:19+00:00","article_modified_time":"2025-01-25T21:54:38+00:00","og_image":[{"width":1181,"height":787,"url":"https:\/\/www.cgfmanet.org\/wp-content\/uploads\/2025\/01\/Cappella-Bahia-Blanca.jpg","type":"image\/jpeg"}],"author":"Redazione","twitter_card":"summary_large_image","twitter_creator":"@Cgfmanet_Org","twitter_site":"@Cgfmanet_Org","twitter_misc":{"Written by":"Redazione","Est. reading time":"3 minutes"},"schema":{"@context":"https:\/\/schema.org","@graph":[{"@type":"Article","@id":"https:\/\/www.cgfmanet.org\/en\/infosphere\/the-chapel-with-the-relics-of-laura-vicuna-is-a-jubilee-church\/#article","isPartOf":{"@id":"https:\/\/www.cgfmanet.org\/en\/infosphere\/the-chapel-with-the-relics-of-laura-vicuna-is-a-jubilee-church\/"},"author":{"name":"Redazione","@id":"https:\/\/www.cgfmanet.org\/es\/#\/schema\/person\/ce6473083f53ef0ef882cca23f0c8fb9"},"headline":"The Chapel with the relics of Laura Vicu\u00f1a is a Jubilee Church","datePublished":"2025-01-21T20:58:19+00:00","dateModified":"2025-01-25T21:54:38+00:00","mainEntityOfPage":{"@id":"https:\/\/www.cgfmanet.org\/en\/infosphere\/the-chapel-with-the-relics-of-laura-vicuna-is-a-jubilee-church\/"},"wordCount":495,"commentCount":0,"publisher":{"@id":"https:\/\/www.cgfmanet.org\/es\/#organization"},"image":{"@id":"https:\/\/www.cgfmanet.org\/en\/infosphere\/the-chapel-with-the-relics-of-laura-vicuna-is-a-jubilee-church\/#primaryimage"},"thumbnailUrl":"https:\/\/www.cgfmanet.org\/wp-content\/uploads\/2025\/01\/Cappella-Bahia-Blanca.jpg","keywords":["Laura Vicu\u00f1a","Salesian Holiness","ARG","Jubilee 2025"],"articleSection":["Infosphere","Church"],"inLanguage":"en-US","potentialAction":[{"@type":"CommentAction","name":"Comment","target":["https:\/\/www.cgfmanet.org\/en\/infosphere\/the-chapel-with-the-relics-of-laura-vicuna-is-a-jubilee-church\/#respond"]}]},{"@type":"WebPage","@id":"https:\/\/www.cgfmanet.org\/en\/infosphere\/the-chapel-with-the-relics-of-laura-vicuna-is-a-jubilee-church\/","url":"https:\/\/www.cgfmanet.org\/en\/infosphere\/the-chapel-with-the-relics-of-laura-vicuna-is-a-jubilee-church\/","name":"The Chapel with the relics of Laura Vicu\u00f1a is a Jubilee Church &#8226; Istituto Figlie di Maria Ausiliatrice","isPartOf":{"@id":"https:\/\/www.cgfmanet.org\/es\/#website"},"primaryImageOfPage":{"@id":"https:\/\/www.cgfmanet.org\/en\/infosphere\/the-chapel-with-the-relics-of-laura-vicuna-is-a-jubilee-church\/#primaryimage"},"image":{"@id":"https:\/\/www.cgfmanet.org\/en\/infosphere\/the-chapel-with-the-relics-of-laura-vicuna-is-a-jubilee-church\/#primaryimage"},"thumbnailUrl":"https:\/\/www.cgfmanet.org\/wp-content\/uploads\/2025\/01\/Cappella-Bahia-Blanca.jpg","datePublished":"2025-01-21T20:58:19+00:00","dateModified":"2025-01-25T21:54:38+00:00","description":"The Archbishop of Bah\u00eda Blanca has recognized the chapel of Mary Help of Christians School, which houses the remains of Blessed Laura Vicu\u00f1a, as a Jubilee Church.","breadcrumb":{"@id":"https:\/\/www.cgfmanet.org\/en\/infosphere\/the-chapel-with-the-relics-of-laura-vicuna-is-a-jubilee-church\/#breadcrumb"},"inLanguage":"en-US","potentialAction":[{"@type":"ReadAction","target":["https:\/\/www.cgfmanet.org\/en\/infosphere\/the-chapel-with-the-relics-of-laura-vicuna-is-a-jubilee-church\/"]}]},{"@type":"ImageObject","inLanguage":"en-US","@id":"https:\/\/www.cgfmanet.org\/en\/infosphere\/the-chapel-with-the-relics-of-laura-vicuna-is-a-jubilee-church\/#primaryimage","url":"https:\/\/www.cgfmanet.org\/wp-content\/uploads\/2025\/01\/Cappella-Bahia-Blanca.jpg","contentUrl":"https:\/\/www.cgfmanet.org\/wp-content\/uploads\/2025\/01\/Cappella-Bahia-Blanca.jpg","width":1181,"height":787},{"@type":"BreadcrumbList","@id":"https:\/\/www.cgfmanet.org\/en\/infosphere\/the-chapel-with-the-relics-of-laura-vicuna-is-a-jubilee-church\/#breadcrumb","itemListElement":[{"@type":"ListItem","position":1,"name":"Home","item":"https:\/\/www.cgfmanet.org\/en\/"},{"@type":"ListItem","position":2,"name":"The Chapel with the relics of Laura Vicu\u00f1a is a Jubilee Church"}]},{"@type":"WebSite","@id":"https:\/\/www.cgfmanet.org\/es\/#website","url":"https:\/\/www.cgfmanet.org\/es\/","name":"Istituto Figlie di Maria Ausiliatrice","description":"Salesiane di Don Bosco","publisher":{"@id":"https:\/\/www.cgfmanet.org\/es\/#organization"},"potentialAction":[{"@type":"SearchAction","target":{"@type":"EntryPoint","urlTemplate":"https:\/\/www.cgfmanet.org\/es\/?s={search_term_string}"},"query-input":{"@type":"PropertyValueSpecification","valueRequired":true,"valueName":"search_term_string"}}],"inLanguage":"en-US"},{"@type":"Organization","@id":"https:\/\/www.cgfmanet.org\/es\/#organization","name":"Istituto Figlie di Maria Ausiliatrice","url":"https:\/\/www.cgfmanet.org\/es\/","logo":{"@type":"ImageObject","inLanguage":"en-US","@id":"https:\/\/www.cgfmanet.org\/es\/#\/schema\/logo\/image\/","url":"https:\/\/www.cgfmanet.org\/wp-content\/uploads\/2018\/10\/logo-fma.png","contentUrl":"https:\/\/www.cgfmanet.org\/wp-content\/uploads\/2018\/10\/logo-fma.png","width":214,"height":55,"caption":"Istituto Figlie di Maria Ausiliatrice"},"image":{"@id":"https:\/\/www.cgfmanet.org\/es\/#\/schema\/logo\/image\/"},"sameAs":["https:\/\/www.facebook.com\/salesian.sisters.of.don.bosco\/","https:\/\/x.com\/Cgfmanet_Org","https:\/\/www.youtube.com\/channel\/UCmcr8yFQBV7JXeXVxyV9y5Q"]},{"@type":"Person","@id":"https:\/\/www.cgfmanet.org\/es\/#\/schema\/person\/ce6473083f53ef0ef882cca23f0c8fb9","name":"Redazione"}]}},"_links":{"self":[{"href":"https:\/\/www.cgfmanet.org\/en\/wp-json\/wp\/v2\/posts\/126975","targetHints":{"allow":["GET"]}}],"collection":[{"href":"https:\/\/www.cgfmanet.org\/en\/wp-json\/wp\/v2\/posts"}],"about":[{"href":"https:\/\/www.cgfmanet.org\/en\/wp-json\/wp\/v2\/types\/post"}],"author":[{"embeddable":true,"href":"https:\/\/www.cgfmanet.org\/en\/wp-json\/wp\/v2\/users\/21"}],"replies":[{"embeddable":true,"href":"https:\/\/www.cgfmanet.org\/en\/wp-json\/wp\/v2\/comments?post=126975"}],"version-history":[{"count":3,"href":"https:\/\/www.cgfmanet.org\/en\/wp-json\/wp\/v2\/posts\/126975\/revisions"}],"predecessor-version":[{"id":127188,"href":"https:\/\/www.cgfmanet.org\/en\/wp-json\/wp\/v2\/posts\/126975\/revisions\/127188"}],"wp:featuredmedia":[{"embeddable":true,"href":"https:\/\/www.cgfmanet.org\/en\/wp-json\/wp\/v2\/media\/126965"}],"wp:attachment":[{"href":"https:\/\/www.cgfmanet.org\/en\/wp-json\/wp\/v2\/media?parent=126975"}],"wp:term":[{"taxonomy":"category","embeddable":true,"href":"https:\/\/www.cgfmanet.org\/en\/wp-json\/wp\/v2\/categories?post=126975"},{"taxonomy":"post_tag","embeddable":true,"href":"https:\/\/www.cgfmanet.org\/en\/wp-json\/wp\/v2\/tags?post=126975"}],"curies":[{"name":"wp","href":"https:\/\/api.w.org\/{rel}","templated":true}]}}