{"id":108022,"date":"2024-03-16T19:18:45","date_gmt":"2024-03-16T18:18:45","guid":{"rendered":"https:\/\/www.cgfmanet.org\/infosphere\/per-una-animazione-generativa-seminario-cicsal\/"},"modified":"2024-03-17T21:54:08","modified_gmt":"2024-03-17T20:54:08","slug":"for-a-generative-animation-seminar-cicsal","status":"publish","type":"post","link":"https:\/\/www.cgfmanet.org\/en\/ifma-en\/for-a-generative-animation-seminar-cicsal\/","title":{"rendered":"\u201cFor a Generative Animation\u201d \u2013 Seminar CICSAL"},"content":{"rendered":"<p><strong>Santiago (Chile).<\/strong> In an atmosphere of celebration and fraternity, on 8 March 2024, on the International Women\u2019s Day, in Santiago, at <em>Sacred Heart Retreat House<\/em> of <em>St. Gabriel the Archangel<\/em> Province (CIL) the Inter-sector Seminar <strong>&#8220;Towards a Generative Animation&#8221; opened for the Interprovincial Conference of the South Cone of Latin America (CICSAL).<\/strong><\/p>\n<p>To animate the Seminar \u00a0&#8211; the fourth held, after <strong><span style=\"color: #0000ff;\"><a style=\"color: #0000ff;\" href=\"https:\/\/www.cgfmanet.org\/en\/ifma-en\/for-generative-animation-seminar-ciam\/\" target=\"_blank\" rel=\"noopener\">CIAM<\/a><\/span><\/strong>, <span style=\"color: #0000ff;\"><strong><a style=\"color: #0000ff;\" href=\"https:\/\/www.cgfmanet.org\/en\/ifma-en\/for-a-generative-animation-seminar-cime\/\" target=\"_blank\" rel=\"noopener\">CIME<\/a><\/strong><\/span> and <span style=\"color: #0000ff;\"><a style=\"color: #0000ff;\" href=\"https:\/\/www.cgfmanet.org\/en\/ifma-en\/for-a-generative-animation-seminar-cib\/\" target=\"_blank\" rel=\"noopener\"><strong>CIB<\/strong><\/a><\/span> &#8211; present were: Mother General of the Institute of the Daughters of Mary Help of Christians, Sister Chiara Cazzuola, and some Councilors &#8211;\u00a0 the Vicar, Sister Mar\u00eda del Rosario Garc\u00eda Ribas; Sister Ena Bola\u00f1os, Councilor for the Administration; Sister Ruth de Pilar Mora, Councilor for the Missions; Sister Nilza Fat\u00edma de Moraes, Councilor for Formation; Sister Leslie S\u00e1ndigo Councilor for the Salesian Family and CICSAL Contact Person; and Sister Ausilia De Siena, Councilor for Communication. Also present were the Conference Provincials: Sister Marciana Toledo of Paraguay (PAR), President of CICSAL; Sister Ximena Oyarzo Mansilla of Chile (CIL); Sister Angeles Grassi, from Uruguay (URU); and Sister Silvia Boullosa from Argentina (ARG)with the Provincial Councilors and the Sector contact persons.<\/p>\n<p>Every morning the meeting began with a prayer and a lectio given via video by Sister Maria Ko, biblical scholar, on several passages from the Acts of the Apostles, in which she encouraged to live generativity &#8220;to the ends of the earth \u201copen to history and confident in the action of the Spirit, like Mary.<\/p>\n<p>During each day, Mother Chiara and some experts deepened the themes related to authority, synodality, and generativity. Mother, with her wisdom and experience, highlighted some vocational and charismatic aspects of synodality.<\/p>\n<p>The reports were enhanced through videos prepared for the occasion. The Rector Major Emeritus of the Salesians of Don Bosco, Fr. Pascual Ch\u00e1vez, spoke of the service of authority and obedience in the Charism, in the context of the synodal journey that is being accomplished as a Church. Dr. Bernardo Toro, of the AVINA Foundation, spoke of the need to live a new ethical paradigm based on <em>&#8220;knowing how to take care of ourselves, of others, of thought, of foreign people, of knowing how to make exchanges from which everyone benefits, and of taking care of the planet.&#8221; <\/em>\u00a0Instead, Dr. Ana Mar\u00eda Celis Brunet, a lay woman specialized in canon law, offered a key to reading based on the three choices of GC XXIV and on the Synod\u2019s synthesis document on synodality.<\/p>\n<p>In the afternoon, through a workshop methodology, they deepened the topics addressed in the morning, always seeking to have in the group, members of the four Countries and, on one occasion, they worked by sectors. The Councilors facilitated the activities with commitment, creativity, and dedication.<\/p>\n<p>The focus of each day was the Celebration of the Eucharist, characterized by the carefully prepared liturgy, the harmony of the choir with Sisters from different Countries, who offered their voices and the contribution of various instruments, and the fraternity of the various Salesians who presided with closeness and simplicity: the Provincial of the Province of <em>San Gabriele Arcangelo<\/em> (CIL) of the Salesians, Fr. Nelson Moreno Ruiz; the Provincial Secretary, Fr. Osvaldo Valenzuela; the Bursar, Fr. N\u00e9stor Mu\u00f1oz; the Delegate of Youth Ministry, Fr. Carlos Ampuero; and the Vicar Fr. Juan Bustamante. Everything made each Celebration a moment of paradise, favoring the encounter with a God passionate about humanity.<\/p>\n<p>In her daily Good Night, Mother Clare offered a synthesis of the day and opened horizons that allowed the realities of the Institute, of the Provinces of the Conference, and of each Community to pass through our heart.<\/p>\n<p>The final moment of the Seminar was lived in a spirit of celebration and gratitude.\u00a0 The prospect of a common path in the Conference, and the challenge to continue implementing the inter-sector programming were highlighted. The words of the hymn of CLAR, the Latin American Confederation of Religious, gave the impetus for the commission: &#8220;hope is already sprouting&#8221;&#8230; &#8221; Let us seek our Lord Jesus who saves.&#8221;<\/p>\n<p>Using the expression of Mother Mazzarello, everything that was lived has renewed the invitation to <em>&#8220;revive the fire&#8221;,<\/em> in a family atmosphere that grows day by day and wants to be a prophecy of the presence of the FMA in this southern corner of the world.<\/p>\n<p><strong>Photos: <span style=\"color: #0000ff;\"><a style=\"color: #0000ff;\" href=\"https:\/\/www.flickr.com\/photos\/137890103@N08\/albums\/72177720315345194\" target=\"_blank\" rel=\"noopener\">Flickr FMA<\/a><\/span><\/strong><\/p>\n<p><span style=\"color: #0000ff;\"><strong><a style=\"color: #0000ff;\" href=\"https:\/\/www.flickr.com\/photos\/141783705@N02\/albums\/with\/72177720315446147\" target=\"_blank\" rel=\"noopener\">Flickr CIL<\/a><\/strong><\/span><\/p>\n<p><span style=\"color: #0000ff;\"><strong><a style=\"color: #0000ff;\" href=\"https:\/\/www.youtube.com\/@HijasdeMariaAuxiliadoraChile\/videos\" target=\"_blank\" rel=\"noopener\">Video CIL<\/a><\/strong><\/span><\/p>\n","protected":false},"excerpt":{"rendered":"<p>Santiago (Chile). In an atmosphere of celebration and fraternity, on 8 March 2024, on the International Women\u2019s Day, in Santiago, at Sacred Heart Retreat House of St. Gabriel the Archangel [&hellip;]<\/p>\n","protected":false},"author":21,"featured_media":108017,"comment_status":"open","ping_status":"closed","sticky":false,"template":"","format":"standard","meta":{"footnotes":""},"categories":[157,170],"tags":[1028,1046,1656,1890,1928,2220,2376],"class_list":["post-108022","post","type-post","status-publish","format-standard","has-post-thumbnail","category-ifma-en","category-conferences-seminars","tag-cicsal-en","tag-cil-en","tag-carisma-salesiano-en","tag-interambiti-en","tag-focus-en","tag-consigliere-generali-en","tag-madre-chiara-cazzuola-en"],"yoast_head":"<!-- This site is optimized with the Yoast SEO plugin v27.4 - https:\/\/yoast.com\/product\/yoast-seo-wordpress\/ -->\n<title>\u201cFor a Generative Animation\u201d \u2013 Seminar CICSAL &#8226; Istituto Figlie di Maria Ausiliatrice<\/title>\n<meta name=\"description\" content=\"From 8 to 12 March 2024 in Santiago, Chile, the Inter-Sector Seminar &quot;For a Generative Animation&quot; was held for the CICSAL Inter-Provincial Conference.\" \/>\n<meta name=\"robots\" content=\"index, follow, max-snippet:-1, max-image-preview:large, max-video-preview:-1\" \/>\n<link rel=\"canonical\" href=\"https:\/\/www.cgfmanet.org\/en\/ifma-en\/for-a-generative-animation-seminar-cicsal\/\" \/>\n<meta property=\"og:locale\" content=\"en_US\" \/>\n<meta property=\"og:type\" content=\"article\" \/>\n<meta property=\"og:title\" content=\"\u201cFor a Generative Animation\u201d \u2013 Seminar CICSAL &#8226; Istituto Figlie di Maria Ausiliatrice\" \/>\n<meta property=\"og:description\" content=\"From 8 to 12 March 2024 in Santiago, Chile, the Inter-Sector Seminar &quot;For a Generative Animation&quot; was held for the CICSAL Inter-Provincial Conference.\" \/>\n<meta property=\"og:url\" content=\"https:\/\/www.cgfmanet.org\/en\/ifma-en\/for-a-generative-animation-seminar-cicsal\/\" \/>\n<meta property=\"og:site_name\" content=\"Istituto Figlie di Maria Ausiliatrice\" \/>\n<meta property=\"article:publisher\" content=\"https:\/\/www.facebook.com\/salesian.sisters.of.don.bosco\/\" \/>\n<meta property=\"article:published_time\" content=\"2024-03-16T18:18:45+00:00\" \/>\n<meta property=\"article:modified_time\" content=\"2024-03-17T20:54:08+00:00\" \/>\n<meta property=\"og:image\" content=\"https:\/\/www.cgfmanet.org\/wp-content\/uploads\/2024\/03\/Seminario-CICSAL-Cile.jpg\" \/>\n\t<meta property=\"og:image:width\" content=\"1181\" \/>\n\t<meta property=\"og:image:height\" content=\"787\" \/>\n\t<meta property=\"og:image:type\" content=\"image\/jpeg\" \/>\n<meta name=\"author\" content=\"Redazione\" \/>\n<meta name=\"twitter:card\" content=\"summary_large_image\" \/>\n<meta name=\"twitter:creator\" content=\"@Cgfmanet_Org\" \/>\n<meta name=\"twitter:site\" content=\"@Cgfmanet_Org\" \/>\n<meta name=\"twitter:label1\" content=\"Written by\" \/>\n\t<meta name=\"twitter:data1\" content=\"Redazione\" \/>\n\t<meta name=\"twitter:label2\" content=\"Est. reading time\" \/>\n\t<meta name=\"twitter:data2\" content=\"4 minutes\" \/>\n<script type=\"application\/ld+json\" class=\"yoast-schema-graph\">{\"@context\":\"https:\\\/\\\/schema.org\",\"@graph\":[{\"@type\":\"Article\",\"@id\":\"https:\\\/\\\/www.cgfmanet.org\\\/en\\\/ifma-en\\\/for-a-generative-animation-seminar-cicsal\\\/#article\",\"isPartOf\":{\"@id\":\"https:\\\/\\\/www.cgfmanet.org\\\/en\\\/ifma-en\\\/for-a-generative-animation-seminar-cicsal\\\/\"},\"author\":{\"name\":\"Redazione\",\"@id\":\"https:\\\/\\\/www.cgfmanet.org\\\/es\\\/#\\\/schema\\\/person\\\/ce6473083f53ef0ef882cca23f0c8fb9\"},\"headline\":\"\u201cFor a Generative Animation\u201d \u2013 Seminar CICSAL\",\"datePublished\":\"2024-03-16T18:18:45+00:00\",\"dateModified\":\"2024-03-17T20:54:08+00:00\",\"mainEntityOfPage\":{\"@id\":\"https:\\\/\\\/www.cgfmanet.org\\\/en\\\/ifma-en\\\/for-a-generative-animation-seminar-cicsal\\\/\"},\"wordCount\":728,\"commentCount\":0,\"publisher\":{\"@id\":\"https:\\\/\\\/www.cgfmanet.org\\\/es\\\/#organization\"},\"image\":{\"@id\":\"https:\\\/\\\/www.cgfmanet.org\\\/en\\\/ifma-en\\\/for-a-generative-animation-seminar-cicsal\\\/#primaryimage\"},\"thumbnailUrl\":\"https:\\\/\\\/www.cgfmanet.org\\\/wp-content\\\/uploads\\\/2024\\\/03\\\/Seminario-CICSAL-Cile.jpg\",\"keywords\":[\"CICSAL\",\"CIL\",\"Carisma salesiano\",\"interambiti\",\"Focus\",\"Consigliere Generali\",\"Madre Chiara Cazzuola\"],\"articleSection\":[\"IFMA\",\"Conferences and Seminars\"],\"inLanguage\":\"en-US\",\"potentialAction\":[{\"@type\":\"CommentAction\",\"name\":\"Comment\",\"target\":[\"https:\\\/\\\/www.cgfmanet.org\\\/en\\\/ifma-en\\\/for-a-generative-animation-seminar-cicsal\\\/#respond\"]}]},{\"@type\":\"WebPage\",\"@id\":\"https:\\\/\\\/www.cgfmanet.org\\\/en\\\/ifma-en\\\/for-a-generative-animation-seminar-cicsal\\\/\",\"url\":\"https:\\\/\\\/www.cgfmanet.org\\\/en\\\/ifma-en\\\/for-a-generative-animation-seminar-cicsal\\\/\",\"name\":\"\u201cFor a Generative Animation\u201d \u2013 Seminar CICSAL &#8226; Istituto Figlie di Maria Ausiliatrice\",\"isPartOf\":{\"@id\":\"https:\\\/\\\/www.cgfmanet.org\\\/es\\\/#website\"},\"primaryImageOfPage\":{\"@id\":\"https:\\\/\\\/www.cgfmanet.org\\\/en\\\/ifma-en\\\/for-a-generative-animation-seminar-cicsal\\\/#primaryimage\"},\"image\":{\"@id\":\"https:\\\/\\\/www.cgfmanet.org\\\/en\\\/ifma-en\\\/for-a-generative-animation-seminar-cicsal\\\/#primaryimage\"},\"thumbnailUrl\":\"https:\\\/\\\/www.cgfmanet.org\\\/wp-content\\\/uploads\\\/2024\\\/03\\\/Seminario-CICSAL-Cile.jpg\",\"datePublished\":\"2024-03-16T18:18:45+00:00\",\"dateModified\":\"2024-03-17T20:54:08+00:00\",\"description\":\"From 8 to 12 March 2024 in Santiago, Chile, the Inter-Sector Seminar \\\"For a Generative Animation\\\" was held for the CICSAL Inter-Provincial Conference.\",\"breadcrumb\":{\"@id\":\"https:\\\/\\\/www.cgfmanet.org\\\/en\\\/ifma-en\\\/for-a-generative-animation-seminar-cicsal\\\/#breadcrumb\"},\"inLanguage\":\"en-US\",\"potentialAction\":[{\"@type\":\"ReadAction\",\"target\":[\"https:\\\/\\\/www.cgfmanet.org\\\/en\\\/ifma-en\\\/for-a-generative-animation-seminar-cicsal\\\/\"]}]},{\"@type\":\"ImageObject\",\"inLanguage\":\"en-US\",\"@id\":\"https:\\\/\\\/www.cgfmanet.org\\\/en\\\/ifma-en\\\/for-a-generative-animation-seminar-cicsal\\\/#primaryimage\",\"url\":\"https:\\\/\\\/www.cgfmanet.org\\\/wp-content\\\/uploads\\\/2024\\\/03\\\/Seminario-CICSAL-Cile.jpg\",\"contentUrl\":\"https:\\\/\\\/www.cgfmanet.org\\\/wp-content\\\/uploads\\\/2024\\\/03\\\/Seminario-CICSAL-Cile.jpg\",\"width\":1181,\"height\":787},{\"@type\":\"BreadcrumbList\",\"@id\":\"https:\\\/\\\/www.cgfmanet.org\\\/en\\\/ifma-en\\\/for-a-generative-animation-seminar-cicsal\\\/#breadcrumb\",\"itemListElement\":[{\"@type\":\"ListItem\",\"position\":1,\"name\":\"Home\",\"item\":\"https:\\\/\\\/www.cgfmanet.org\\\/en\\\/\"},{\"@type\":\"ListItem\",\"position\":2,\"name\":\"\u201cFor a Generative Animation\u201d \u2013 Seminar CICSAL\"}]},{\"@type\":\"WebSite\",\"@id\":\"https:\\\/\\\/www.cgfmanet.org\\\/es\\\/#website\",\"url\":\"https:\\\/\\\/www.cgfmanet.org\\\/es\\\/\",\"name\":\"Istituto Figlie di Maria Ausiliatrice\",\"description\":\"Salesiane di Don Bosco\",\"publisher\":{\"@id\":\"https:\\\/\\\/www.cgfmanet.org\\\/es\\\/#organization\"},\"potentialAction\":[{\"@type\":\"SearchAction\",\"target\":{\"@type\":\"EntryPoint\",\"urlTemplate\":\"https:\\\/\\\/www.cgfmanet.org\\\/es\\\/?s={search_term_string}\"},\"query-input\":{\"@type\":\"PropertyValueSpecification\",\"valueRequired\":true,\"valueName\":\"search_term_string\"}}],\"inLanguage\":\"en-US\"},{\"@type\":\"Organization\",\"@id\":\"https:\\\/\\\/www.cgfmanet.org\\\/es\\\/#organization\",\"name\":\"Istituto Figlie di Maria Ausiliatrice\",\"url\":\"https:\\\/\\\/www.cgfmanet.org\\\/es\\\/\",\"logo\":{\"@type\":\"ImageObject\",\"inLanguage\":\"en-US\",\"@id\":\"https:\\\/\\\/www.cgfmanet.org\\\/es\\\/#\\\/schema\\\/logo\\\/image\\\/\",\"url\":\"https:\\\/\\\/www.cgfmanet.org\\\/wp-content\\\/uploads\\\/2018\\\/10\\\/logo-fma.png\",\"contentUrl\":\"https:\\\/\\\/www.cgfmanet.org\\\/wp-content\\\/uploads\\\/2018\\\/10\\\/logo-fma.png\",\"width\":214,\"height\":55,\"caption\":\"Istituto Figlie di Maria Ausiliatrice\"},\"image\":{\"@id\":\"https:\\\/\\\/www.cgfmanet.org\\\/es\\\/#\\\/schema\\\/logo\\\/image\\\/\"},\"sameAs\":[\"https:\\\/\\\/www.facebook.com\\\/salesian.sisters.of.don.bosco\\\/\",\"https:\\\/\\\/x.com\\\/Cgfmanet_Org\",\"https:\\\/\\\/www.youtube.com\\\/channel\\\/UCmcr8yFQBV7JXeXVxyV9y5Q\"]},{\"@type\":\"Person\",\"@id\":\"https:\\\/\\\/www.cgfmanet.org\\\/es\\\/#\\\/schema\\\/person\\\/ce6473083f53ef0ef882cca23f0c8fb9\",\"name\":\"Redazione\"}]}<\/script>\n<!-- \/ Yoast SEO plugin. -->","yoast_head_json":{"title":"\u201cFor a Generative Animation\u201d \u2013 Seminar CICSAL &#8226; Istituto Figlie di Maria Ausiliatrice","description":"From 8 to 12 March 2024 in Santiago, Chile, the Inter-Sector Seminar \"For a Generative Animation\" was held for the CICSAL Inter-Provincial Conference.","robots":{"index":"index","follow":"follow","max-snippet":"max-snippet:-1","max-image-preview":"max-image-preview:large","max-video-preview":"max-video-preview:-1"},"canonical":"https:\/\/www.cgfmanet.org\/en\/ifma-en\/for-a-generative-animation-seminar-cicsal\/","og_locale":"en_US","og_type":"article","og_title":"\u201cFor a Generative Animation\u201d \u2013 Seminar CICSAL &#8226; Istituto Figlie di Maria Ausiliatrice","og_description":"From 8 to 12 March 2024 in Santiago, Chile, the Inter-Sector Seminar \"For a Generative Animation\" was held for the CICSAL Inter-Provincial Conference.","og_url":"https:\/\/www.cgfmanet.org\/en\/ifma-en\/for-a-generative-animation-seminar-cicsal\/","og_site_name":"Istituto Figlie di Maria Ausiliatrice","article_publisher":"https:\/\/www.facebook.com\/salesian.sisters.of.don.bosco\/","article_published_time":"2024-03-16T18:18:45+00:00","article_modified_time":"2024-03-17T20:54:08+00:00","og_image":[{"width":1181,"height":787,"url":"https:\/\/www.cgfmanet.org\/wp-content\/uploads\/2024\/03\/Seminario-CICSAL-Cile.jpg","type":"image\/jpeg"}],"author":"Redazione","twitter_card":"summary_large_image","twitter_creator":"@Cgfmanet_Org","twitter_site":"@Cgfmanet_Org","twitter_misc":{"Written by":"Redazione","Est. reading time":"4 minutes"},"schema":{"@context":"https:\/\/schema.org","@graph":[{"@type":"Article","@id":"https:\/\/www.cgfmanet.org\/en\/ifma-en\/for-a-generative-animation-seminar-cicsal\/#article","isPartOf":{"@id":"https:\/\/www.cgfmanet.org\/en\/ifma-en\/for-a-generative-animation-seminar-cicsal\/"},"author":{"name":"Redazione","@id":"https:\/\/www.cgfmanet.org\/es\/#\/schema\/person\/ce6473083f53ef0ef882cca23f0c8fb9"},"headline":"\u201cFor a Generative Animation\u201d \u2013 Seminar CICSAL","datePublished":"2024-03-16T18:18:45+00:00","dateModified":"2024-03-17T20:54:08+00:00","mainEntityOfPage":{"@id":"https:\/\/www.cgfmanet.org\/en\/ifma-en\/for-a-generative-animation-seminar-cicsal\/"},"wordCount":728,"commentCount":0,"publisher":{"@id":"https:\/\/www.cgfmanet.org\/es\/#organization"},"image":{"@id":"https:\/\/www.cgfmanet.org\/en\/ifma-en\/for-a-generative-animation-seminar-cicsal\/#primaryimage"},"thumbnailUrl":"https:\/\/www.cgfmanet.org\/wp-content\/uploads\/2024\/03\/Seminario-CICSAL-Cile.jpg","keywords":["CICSAL","CIL","Carisma salesiano","interambiti","Focus","Consigliere Generali","Madre Chiara Cazzuola"],"articleSection":["IFMA","Conferences and Seminars"],"inLanguage":"en-US","potentialAction":[{"@type":"CommentAction","name":"Comment","target":["https:\/\/www.cgfmanet.org\/en\/ifma-en\/for-a-generative-animation-seminar-cicsal\/#respond"]}]},{"@type":"WebPage","@id":"https:\/\/www.cgfmanet.org\/en\/ifma-en\/for-a-generative-animation-seminar-cicsal\/","url":"https:\/\/www.cgfmanet.org\/en\/ifma-en\/for-a-generative-animation-seminar-cicsal\/","name":"\u201cFor a Generative Animation\u201d \u2013 Seminar CICSAL &#8226; Istituto Figlie di Maria Ausiliatrice","isPartOf":{"@id":"https:\/\/www.cgfmanet.org\/es\/#website"},"primaryImageOfPage":{"@id":"https:\/\/www.cgfmanet.org\/en\/ifma-en\/for-a-generative-animation-seminar-cicsal\/#primaryimage"},"image":{"@id":"https:\/\/www.cgfmanet.org\/en\/ifma-en\/for-a-generative-animation-seminar-cicsal\/#primaryimage"},"thumbnailUrl":"https:\/\/www.cgfmanet.org\/wp-content\/uploads\/2024\/03\/Seminario-CICSAL-Cile.jpg","datePublished":"2024-03-16T18:18:45+00:00","dateModified":"2024-03-17T20:54:08+00:00","description":"From 8 to 12 March 2024 in Santiago, Chile, the Inter-Sector Seminar \"For a Generative Animation\" was held for the CICSAL Inter-Provincial Conference.","breadcrumb":{"@id":"https:\/\/www.cgfmanet.org\/en\/ifma-en\/for-a-generative-animation-seminar-cicsal\/#breadcrumb"},"inLanguage":"en-US","potentialAction":[{"@type":"ReadAction","target":["https:\/\/www.cgfmanet.org\/en\/ifma-en\/for-a-generative-animation-seminar-cicsal\/"]}]},{"@type":"ImageObject","inLanguage":"en-US","@id":"https:\/\/www.cgfmanet.org\/en\/ifma-en\/for-a-generative-animation-seminar-cicsal\/#primaryimage","url":"https:\/\/www.cgfmanet.org\/wp-content\/uploads\/2024\/03\/Seminario-CICSAL-Cile.jpg","contentUrl":"https:\/\/www.cgfmanet.org\/wp-content\/uploads\/2024\/03\/Seminario-CICSAL-Cile.jpg","width":1181,"height":787},{"@type":"BreadcrumbList","@id":"https:\/\/www.cgfmanet.org\/en\/ifma-en\/for-a-generative-animation-seminar-cicsal\/#breadcrumb","itemListElement":[{"@type":"ListItem","position":1,"name":"Home","item":"https:\/\/www.cgfmanet.org\/en\/"},{"@type":"ListItem","position":2,"name":"\u201cFor a Generative Animation\u201d \u2013 Seminar CICSAL"}]},{"@type":"WebSite","@id":"https:\/\/www.cgfmanet.org\/es\/#website","url":"https:\/\/www.cgfmanet.org\/es\/","name":"Istituto Figlie di Maria Ausiliatrice","description":"Salesiane di Don Bosco","publisher":{"@id":"https:\/\/www.cgfmanet.org\/es\/#organization"},"potentialAction":[{"@type":"SearchAction","target":{"@type":"EntryPoint","urlTemplate":"https:\/\/www.cgfmanet.org\/es\/?s={search_term_string}"},"query-input":{"@type":"PropertyValueSpecification","valueRequired":true,"valueName":"search_term_string"}}],"inLanguage":"en-US"},{"@type":"Organization","@id":"https:\/\/www.cgfmanet.org\/es\/#organization","name":"Istituto Figlie di Maria Ausiliatrice","url":"https:\/\/www.cgfmanet.org\/es\/","logo":{"@type":"ImageObject","inLanguage":"en-US","@id":"https:\/\/www.cgfmanet.org\/es\/#\/schema\/logo\/image\/","url":"https:\/\/www.cgfmanet.org\/wp-content\/uploads\/2018\/10\/logo-fma.png","contentUrl":"https:\/\/www.cgfmanet.org\/wp-content\/uploads\/2018\/10\/logo-fma.png","width":214,"height":55,"caption":"Istituto Figlie di Maria Ausiliatrice"},"image":{"@id":"https:\/\/www.cgfmanet.org\/es\/#\/schema\/logo\/image\/"},"sameAs":["https:\/\/www.facebook.com\/salesian.sisters.of.don.bosco\/","https:\/\/x.com\/Cgfmanet_Org","https:\/\/www.youtube.com\/channel\/UCmcr8yFQBV7JXeXVxyV9y5Q"]},{"@type":"Person","@id":"https:\/\/www.cgfmanet.org\/es\/#\/schema\/person\/ce6473083f53ef0ef882cca23f0c8fb9","name":"Redazione"}]}},"_links":{"self":[{"href":"https:\/\/www.cgfmanet.org\/en\/wp-json\/wp\/v2\/posts\/108022","targetHints":{"allow":["GET"]}}],"collection":[{"href":"https:\/\/www.cgfmanet.org\/en\/wp-json\/wp\/v2\/posts"}],"about":[{"href":"https:\/\/www.cgfmanet.org\/en\/wp-json\/wp\/v2\/types\/post"}],"author":[{"embeddable":true,"href":"https:\/\/www.cgfmanet.org\/en\/wp-json\/wp\/v2\/users\/21"}],"replies":[{"embeddable":true,"href":"https:\/\/www.cgfmanet.org\/en\/wp-json\/wp\/v2\/comments?post=108022"}],"version-history":[{"count":0,"href":"https:\/\/www.cgfmanet.org\/en\/wp-json\/wp\/v2\/posts\/108022\/revisions"}],"wp:featuredmedia":[{"embeddable":true,"href":"https:\/\/www.cgfmanet.org\/en\/wp-json\/wp\/v2\/media\/108017"}],"wp:attachment":[{"href":"https:\/\/www.cgfmanet.org\/en\/wp-json\/wp\/v2\/media?parent=108022"}],"wp:term":[{"taxonomy":"category","embeddable":true,"href":"https:\/\/www.cgfmanet.org\/en\/wp-json\/wp\/v2\/categories?post=108022"},{"taxonomy":"post_tag","embeddable":true,"href":"https:\/\/www.cgfmanet.org\/en\/wp-json\/wp\/v2\/tags?post=108022"}],"curies":[{"name":"wp","href":"https:\/\/api.w.org\/{rel}","templated":true}]}}